{"id":40413,"date":"2023-05-19T02:32:22","date_gmt":"2023-05-19T05:32:22","guid":{"rendered":"https:\/\/panoramadelsur.com.ar\/?p=40413"},"modified":"2023-05-19T02:32:23","modified_gmt":"2023-05-19T05:32:23","slug":"lorenzino-la-expansion-territorial-de-la-defensoria-hace-que-estemos-cada-vez-mas-cerca-de-la-gente","status":"publish","type":"post","link":"https:\/\/panoramadelsur.com.ar\/?p=40413","title":{"rendered":"LORENZINO: \u00abLA EXPANSI\u00d3N TERRITORIAL DE LA DEFENSOR\u00cdA HACE QUE ESTEMOS CADA VEZ M\u00c1S CERCA DE LA GENTE\u00bb"},"content":{"rendered":"\n<p>El Defensor del Pueblo bonaerense, Guido Lorenzino, destac\u00f3 la expansi\u00f3n que registra el organismo a\u00f1o a a\u00f1o y la cantidad de nuevas acciones que lleva adelante en distintas \u00e1reas, luego de presentar el Informe Anual en la Legislatura provincial.<\/p>\n\n\n\n<p>\u201cA\u00f1o a a\u00f1o se confirma que la Defensor\u00eda no para de crecer, lo que queda en evidencia no s\u00f3lo en la creaci\u00f3n de nuevas \u00e1reas para atender las diferentes demandas de las y los bonaerenses, sino tambi\u00e9n con la expansi\u00f3n territorial que hace que estemos cada vez m\u00e1s cerca de las personas\u201d, expres\u00f3 Lorenzino.<\/p>\n\n\n\n<p>Con este informe, que la Defensor\u00eda presenta anualmente ante ambas c\u00e1maras legislativas para dar cuenta de las actividades que desarroll\u00f3, se pusieron en relieve las principales gestiones realizadas por las distintas \u00e1reas y la nueva estructura con la que ahora cuenta el organismo.Tambi\u00e9n se publicaron estad\u00edsticas detalladas de c\u00f3mo se distribuyeron los reclamos.<\/p>\n\n\n\n<p>En este caso, se mostr\u00f3 que hubo 188.180 contactos generados en 2022, siendo las tem\u00e1ticas con la mayor cantidad de consultas las de salud (22%), servicios p\u00fablicos (20,3%), bienes de consumo y servicios privados (12,1%), asuntos viales (8,8%) y trabajo y seguridad social (4,7%).<\/p>\n\n\n\n<p>En ese sentido, Lorenzino destac\u00f3 \u201cel trabajo coordinado con distintos organismos gubernamentales y asociaciones civiles que nutrieron nuestra tarea diaria, adem\u00e1s de la capacidad de ofrecer respuesta inmediata a las principales demandas. Desde que asumimos no dejamos de crecer y esa seguir\u00e1 siendo nuestro objetivo en el pr\u00f3ximo a\u00f1o\u201d.<\/p>\n\n\n\n<p>Para leer el Informe Anual 2022, hace click&nbsp;<a href=\"https:\/\/www.defensorba.org.ar\/pdfs\/informes-anuales-download\/informe-anual-2022.pdf\" target=\"_blank\" rel=\"noreferrer noopener\">ac\u00e1<\/a>.<\/p>\n","protected":false},"excerpt":{"rendered":"<p>El Defensor<\/p>\n","protected":false},"author":1,"featured_media":39574,"comment_status":"closed","ping_status":"closed","sticky":false,"template":"","format":"standard","meta":{"footnotes":""},"categories":[1],"tags":[28,27],"class_list":["post-40413","post","type-post","status-publish","format-standard","has-post-thumbnail","hentry","category-destacados","tag-gba","tag-provincia"],"_links":{"self":[{"href":"https:\/\/panoramadelsur.com.ar\/index.php?rest_route=\/wp\/v2\/posts\/40413","targetHints":{"allow":["GET"]}}],"collection":[{"href":"https:\/\/panoramadelsur.com.ar\/index.php?rest_route=\/wp\/v2\/posts"}],"about":[{"href":"https:\/\/panoramadelsur.com.ar\/index.php?rest_route=\/wp\/v2\/types\/post"}],"author":[{"embeddable":true,"href":"https:\/\/panoramadelsur.com.ar\/index.php?rest_route=\/wp\/v2\/users\/1"}],"replies":[{"embeddable":true,"href":"https:\/\/panoramadelsur.com.ar\/index.php?rest_route=%2Fwp%2Fv2%2Fcomments&post=40413"}],"version-history":[{"count":1,"href":"https:\/\/panoramadelsur.com.ar\/index.php?rest_route=\/wp\/v2\/posts\/40413\/revisions"}],"predecessor-version":[{"id":40415,"href":"https:\/\/panoramadelsur.com.ar\/index.php?rest_route=\/wp\/v2\/posts\/40413\/revisions\/40415"}],"wp:featuredmedia":[{"embeddable":true,"href":"https:\/\/panoramadelsur.com.ar\/index.php?rest_route=\/wp\/v2\/media\/39574"}],"wp:attachment":[{"href":"https:\/\/panoramadelsur.com.ar\/index.php?rest_route=%2Fwp%2Fv2%2Fmedia&parent=40413"}],"wp:term":[{"taxonomy":"category","embeddable":true,"href":"https:\/\/panoramadelsur.com.ar\/index.php?rest_route=%2Fwp%2Fv2%2Fcategories&post=40413"},{"taxonomy":"post_tag","embeddable":true,"href":"https:\/\/panoramadelsur.com.ar\/index.php?rest_route=%2Fwp%2Fv2%2Ftags&post=40413"}],"curies":[{"name":"wp","href":"https:\/\/api.w.org\/{rel}","templated":true}]}}