{"id":40444,"date":"2023-05-22T01:07:00","date_gmt":"2023-05-22T04:07:00","guid":{"rendered":"https:\/\/panoramadelsur.com.ar\/?p=40444"},"modified":"2023-05-21T19:40:24","modified_gmt":"2023-05-21T22:40:24","slug":"detuvieron-a-tres-delincuentes-que-intentaban-fugarse-tras-cometer-una-entradera-en-avellaneda","status":"publish","type":"post","link":"https:\/\/panoramadelsur.com.ar\/?p=40444","title":{"rendered":"DETUVIERON A TRES DELINCUENTES QUE INTENTABAN FUGARSE TRAS COMETER UNA \u00abENTRADERA\u00bb EN AVELLANEDA"},"content":{"rendered":"\n<p class=\"wp-block-paragraph\">Tres j\u00f3venes fueron detenidos cuando intentaban darse a la fuga tras realizar un robo bajo la modalidad \u201centradera\u201d en una casa ubicada en la localidad bonaerense de Wilde, partido de Avellaneda, informaron fuentes policiales.<\/p>\n\n\n\n<p class=\"wp-block-paragraph\">El robo ocurri\u00f3 el pasado viernes en una vivienda ubicada en la calle Masilla al 5900 de la mencionada localidad del sur del conurbano bonaerense.<\/p>\n\n\n\n<p class=\"wp-block-paragraph\">Seg\u00fan expresaron las fuentes, fue un vecino quien dio aviso a la comisar\u00eda 5ta. de dicha jurisdicci\u00f3n, quien r\u00e1pidamente alert\u00f3 al Comando de Patrullas y a la Polic\u00eda Local de Avellaneda.<\/p>\n\n\n\n<p class=\"wp-block-paragraph\">Tras un operativo en conjunto lograron aprehender a los sospechosos cuando intentaban darse a la fuga.<\/p>\n\n\n\n<p class=\"wp-block-paragraph\">Los detenidos fueron identificados por la Polic\u00eda como Daniel Lautaro P\u00e9rez (19), Alan Martin Sosa (20) y Federico Leonel Fari\u00f1a (26), precisaron las fuentes.<\/p>\n\n\n\n<p class=\"wp-block-paragraph\">Durante el procedimiento, los polic\u00edas secuestraron una mochila, un criquet, una llave francesa, una tijera para cortar chapa, un destornillador, guantes de lana de color negro, siete relojes pulsera, cadenas y dijes de oro y 96.600 pesos en efectivo, precisaron los voceros.<\/p>\n\n\n\n<p class=\"wp-block-paragraph\">A su vez, las fuentes informaron que la v\u00edctima, una anciana de 88 a\u00f1os, se encontraba ilesa.<\/p>\n\n\n\n<p class=\"wp-block-paragraph\">Los detenidos quedaron a disposici\u00f3n de la Unidad Funcional de Instrucci\u00f3n (UFI) 4 del Departamento Judicial Avellaneda-Lan\u00fas, quien orden\u00f3 se labren las actuaciones de rigor por el delito de \u201crobo en poblado y en banda por escalamiento\u201d. <\/p>\n","protected":false},"excerpt":{"rendered":"<p>Tres j\u00f3venes<\/p>\n","protected":false},"author":1,"featured_media":39574,"comment_status":"closed","ping_status":"closed","sticky":false,"template":"","format":"standard","meta":{"footnotes":""},"categories":[3],"tags":[54],"class_list":["post-40444","post","type-post","status-publish","format-standard","has-post-thumbnail","hentry","category-regionales","tag-avellaneda"],"_links":{"self":[{"href":"https:\/\/panoramadelsur.com.ar\/index.php?rest_route=\/wp\/v2\/posts\/40444","targetHints":{"allow":["GET"]}}],"collection":[{"href":"https:\/\/panoramadelsur.com.ar\/index.php?rest_route=\/wp\/v2\/posts"}],"about":[{"href":"https:\/\/panoramadelsur.com.ar\/index.php?rest_route=\/wp\/v2\/types\/post"}],"author":[{"embeddable":true,"href":"https:\/\/panoramadelsur.com.ar\/index.php?rest_route=\/wp\/v2\/users\/1"}],"replies":[{"embeddable":true,"href":"https:\/\/panoramadelsur.com.ar\/index.php?rest_route=%2Fwp%2Fv2%2Fcomments&post=40444"}],"version-history":[{"count":1,"href":"https:\/\/panoramadelsur.com.ar\/index.php?rest_route=\/wp\/v2\/posts\/40444\/revisions"}],"predecessor-version":[{"id":40445,"href":"https:\/\/panoramadelsur.com.ar\/index.php?rest_route=\/wp\/v2\/posts\/40444\/revisions\/40445"}],"wp:featuredmedia":[{"embeddable":true,"href":"https:\/\/panoramadelsur.com.ar\/index.php?rest_route=\/wp\/v2\/media\/39574"}],"wp:attachment":[{"href":"https:\/\/panoramadelsur.com.ar\/index.php?rest_route=%2Fwp%2Fv2%2Fmedia&parent=40444"}],"wp:term":[{"taxonomy":"category","embeddable":true,"href":"https:\/\/panoramadelsur.com.ar\/index.php?rest_route=%2Fwp%2Fv2%2Fcategories&post=40444"},{"taxonomy":"post_tag","embeddable":true,"href":"https:\/\/panoramadelsur.com.ar\/index.php?rest_route=%2Fwp%2Fv2%2Ftags&post=40444"}],"curies":[{"name":"wp","href":"https:\/\/api.w.org\/{rel}","templated":true}]}}