{"id":40456,"date":"2023-05-22T01:07:00","date_gmt":"2023-05-22T04:07:00","guid":{"rendered":"https:\/\/panoramadelsur.com.ar\/?p=40456"},"modified":"2023-05-21T20:14:46","modified_gmt":"2023-05-21T23:14:46","slug":"detuvieron-a-cinco-miembros-de-una-banda-que-cometia-entraderas-en-la-zona-de-quilmes","status":"publish","type":"post","link":"https:\/\/panoramadelsur.com.ar\/?p=40456","title":{"rendered":"DETUVIERON A CINCO MIEMBROS DE UNA BANDA QUE COMET\u00cdA ENTRADERAS EN LA ZONA DE QUILMES"},"content":{"rendered":"\n<p class=\"wp-block-paragraph\">Cinco hombres, entre ellos un polic\u00eda, fueron detenidos como acusados de conformar una banda que realizaba \u00abentraderas\u00bb, en Quilmes, informaron fuentes municipales.<\/p>\n\n\n\n<p class=\"wp-block-paragraph\">Un llamado al 911 alert\u00f3 a la Polic\u00eda acerca del robo a una casa, en la zona oeste de dicho partido de la zona sur del Gran Buenos Aires.<\/p>\n\n\n\n<p class=\"wp-block-paragraph\">Voceros municipales informaron que al llegar al lugar, los uniformados de la comisar\u00eda 3ra. de Quilmes advirtieron que cuatro hombres sal\u00edan de la vivienda de las v\u00edctimas, uno de los cuales estaba armado y les apunt\u00f3.<\/p>\n\n\n\n<p class=\"wp-block-paragraph\">A ra\u00edz de ello, uno de los agentes efectu\u00f3 un disparo en el suelo y los delincuentes intentaron escapar por el techo de la propiedad, pero finalmente fueron aprehendidos.<\/p>\n\n\n\n<p class=\"wp-block-paragraph\">Al identificar a los asaltantes, los uniformados constataron que uno de ellos era investigado en el marco de una causa por el delito de \u201crobo calificado por el uso de arma y encubrimiento\u201d, y que adem\u00e1s ten\u00eda un pedido de paradero emitido por la Unidad Funcional de Instrucci\u00f3n (UFI) 6 del Departamento Judicial de Quilmes.<\/p>\n\n\n\n<p class=\"wp-block-paragraph\">Los polic\u00edas les secuestraron a los sospechosos una pistola calibre .22, con seis municiones intactas en el cargador, informaron fuentes municipales.<\/p>\n\n\n\n<p class=\"wp-block-paragraph\">Por otro lado, establecieron que los ladrones y la camioneta en la que se desplazaban estaban vinculados a una entradera ocurrida el 12 de mayo en el mismo domicilio.<\/p>\n\n\n\n<p class=\"wp-block-paragraph\">Esa camioneta se encontraba estacionada en las inmediaciones, con los vidrios polarizados, y en su interior se encontraba un hombre que se identific\u00f3 como polic\u00eda de Almirante Brown, y que se encontraba en disponibilidad.<\/p>\n\n\n\n<p class=\"wp-block-paragraph\">El polic\u00eda les refiri\u00f3 que esperaba a su novia pero que no pod\u00eda comunicarse con ella ya que no contaba con tel\u00e9fono celular, a\u00f1adieron las fuentes.<\/p>\n\n\n\n<p class=\"wp-block-paragraph\">Sin embargo, los efectivos observaron a trav\u00e9s de las ventanillas que hab\u00eda cuatro celulares en el piso del asiento del acompa\u00f1ante, por lo que lo detuvieron de inmediato.<\/p>\n\n\n\n<p class=\"wp-block-paragraph\">Al requisar la camioneta los polic\u00edas hallaron y secuestraron dinero en efectivo, cinco celulares, un televisor de 32 pulgadas, un aire acondicionado port\u00e1til, un rifle de aire comprimido y una ri\u00f1onera que conten\u00eda varios relojes, entre otros elementos.<\/p>\n\n\n\n<p class=\"wp-block-paragraph\">En tanto, el rodado pose\u00eda pedido de secuestro activo a requerimiento de la comisar\u00eda 1ra. de Varela y la UFI 2 descentralizada de esa jurisdicci\u00f3n.<\/p>\n\n\n\n<p class=\"wp-block-paragraph\">Los cinco sospechosos quedaron a disposici\u00f3n de la UFI 5 de Quilmes imputados del delito de robo calificado en poblado y en banda, en la modalidad entradera.<\/p>\n","protected":false},"excerpt":{"rendered":"<p>Cinco hombres,<\/p>\n","protected":false},"author":1,"featured_media":39574,"comment_status":"closed","ping_status":"closed","sticky":false,"template":"","format":"standard","meta":{"footnotes":""},"categories":[2],"tags":[17],"class_list":["post-40456","post","type-post","status-publish","format-standard","has-post-thumbnail","hentry","category-quilmes","tag-quilmes"],"_links":{"self":[{"href":"https:\/\/panoramadelsur.com.ar\/index.php?rest_route=\/wp\/v2\/posts\/40456","targetHints":{"allow":["GET"]}}],"collection":[{"href":"https:\/\/panoramadelsur.com.ar\/index.php?rest_route=\/wp\/v2\/posts"}],"about":[{"href":"https:\/\/panoramadelsur.com.ar\/index.php?rest_route=\/wp\/v2\/types\/post"}],"author":[{"embeddable":true,"href":"https:\/\/panoramadelsur.com.ar\/index.php?rest_route=\/wp\/v2\/users\/1"}],"replies":[{"embeddable":true,"href":"https:\/\/panoramadelsur.com.ar\/index.php?rest_route=%2Fwp%2Fv2%2Fcomments&post=40456"}],"version-history":[{"count":1,"href":"https:\/\/panoramadelsur.com.ar\/index.php?rest_route=\/wp\/v2\/posts\/40456\/revisions"}],"predecessor-version":[{"id":40458,"href":"https:\/\/panoramadelsur.com.ar\/index.php?rest_route=\/wp\/v2\/posts\/40456\/revisions\/40458"}],"wp:featuredmedia":[{"embeddable":true,"href":"https:\/\/panoramadelsur.com.ar\/index.php?rest_route=\/wp\/v2\/media\/39574"}],"wp:attachment":[{"href":"https:\/\/panoramadelsur.com.ar\/index.php?rest_route=%2Fwp%2Fv2%2Fmedia&parent=40456"}],"wp:term":[{"taxonomy":"category","embeddable":true,"href":"https:\/\/panoramadelsur.com.ar\/index.php?rest_route=%2Fwp%2Fv2%2Fcategories&post=40456"},{"taxonomy":"post_tag","embeddable":true,"href":"https:\/\/panoramadelsur.com.ar\/index.php?rest_route=%2Fwp%2Fv2%2Ftags&post=40456"}],"curies":[{"name":"wp","href":"https:\/\/api.w.org\/{rel}","templated":true}]}}