{"id":40524,"date":"2023-05-24T01:08:00","date_gmt":"2023-05-24T04:08:00","guid":{"rendered":"https:\/\/panoramadelsur.com.ar\/?p=40524"},"modified":"2023-05-23T20:37:57","modified_gmt":"2023-05-23T23:37:57","slug":"mayra-participo-del-7o-cabildo-abierto-de-la-educacion-superior","status":"publish","type":"post","link":"https:\/\/panoramadelsur.com.ar\/?p=40524","title":{"rendered":"MAYRA PARTICIP\u00d3 DEL 7\u00ba CABILDO ABIERTO DE LA EDUCACI\u00d3N SUPERIOR"},"content":{"rendered":"\n<p class=\"wp-block-paragraph\">La intendenta de Quilmes, Mayra Mendoza, asisti\u00f3 a la apertura del 7\u00ba Cabildo Abierto de la Educaci\u00f3n Superior, evento que reuni\u00f3 a estudiantes de 3\u00ba y 4\u00ba a\u00f1o de cinco institutos superiores de formaci\u00f3n docente y de formaci\u00f3n docente y t\u00e9cnica de la regi\u00f3n educativa 4, que abarca Quilmes, Florencio Varela y Berazategui, en las instalaciones de la Sociedad Italiana Fratelli d\u2019Italia, ubicada en la calle 845 N\u00ba 2250, en San Francisco Solano.<\/p>\n\n\n\n<p class=\"wp-block-paragraph\" id=\"geom_inter_1684884786259_15_238\">\u201cEstamos trabajando much\u00edsimo junto con la provincia de Buenos Aires, no solamente en todas las escuelas primarias, secundarias y los jardines de infantes de nuestro distrito, sino tambi\u00e9n en la formaci\u00f3n docente. Es un reclamo hist\u00f3rico el que hab\u00eda en este municipio, particularmente ac\u00e1 en Solano, de tener el edificio propio del ISFDyT N\u00ba 83, y hoy pueden ver que la obra est\u00e1 avanzando. Y esto tiene que ver con la decisi\u00f3n pol\u00edtica de nuestro gobernador, Axel Kicillof; con un Estado presente, que se pone al servicio de lo que verdaderamente necesita nuestra comunidad para construir un futuro mejor\u201d, sostuvo Mayra.<\/p>\n\n\n\n<p class=\"wp-block-paragraph\">Por su parte, la subsecretaria de Educaci\u00f3n bonaerense, Claudia Bracchi, llev\u00f3 el saludo del director general de Cultura y Educaci\u00f3n, Alberto Sileoni, y les dej\u00f3 un mensaje a los futuros docentes: \u201cEs comprometerse para que todos puedan llegar al conocimiento, para que puedan elegir, para que puedan armar su proyecto de vida. Queremos docentes comprometidos con su tiempo, para hacer una sociedad m\u00e1s humana y m\u00e1s plural, con un lugar para cada uno y cada una\u201d.<\/p>\n\n\n\n<p class=\"wp-block-paragraph\">El evento cont\u00f3 con la participaci\u00f3n de estudiantes, docentes y directivos de los ISFDyT N\u00ba 24 (Bernal) y N\u00ba 83 (Solano), y los ISFD N\u00ba 104 (Quilmes), N\u00ba 50 (Berazategui) y N\u00ba 54 (Varela). Consisti\u00f3 en una jornada de participaci\u00f3n e intercambio, con distintos talleres y un plenario de cierre. Hubo tambi\u00e9n m\u00fasica en vivo y distintas expresiones art\u00edsticas.<\/p>\n\n\n\n<p class=\"wp-block-paragraph\" id=\"geom_inter_1684884789250_9_246\">Al respecto, el secretario de Educaci\u00f3n de Quilmes, Joaqu\u00edn Desmery, se\u00f1al\u00f3: \u201cEs un honor que nos hayan elegido como sede para realizar este cabildo, en colaboraci\u00f3n con la provincia de Buenos Aires, y que se haga en Solano, donde estamos haciendo una obra tan emblem\u00e1tica como es la construcci\u00f3n de un nuevo edificio para el ISFDyT N\u00ba 83\u201d.<\/p>\n\n\n\n<p class=\"wp-block-paragraph\" id=\"geom_inter_1684884789250_26_247\">Una de las participantes, Johanna G\u00e1lvez, coordinadora de pol\u00edticas estudiantiles del ISFD N\u00ba 104 y preceptora, indic\u00f3: \u201cEste es un d\u00eda hist\u00f3rico, es el 7\u00ba cabildo abierto que hace la Provincia y es la primera vez que se hace en la regi\u00f3n 4. Con alegr\u00eda, hoy vemos que la formaci\u00f3n docente es prioridad para la Provincia y para el Municipio\u201d. Seguidamente, Mario T\u00e9vez, profesor del ISFD N\u00ba 54, destac\u00f3: \u201cEste es un momento \u00fanico que se vive en la regi\u00f3n, un momento de acci\u00f3n democr\u00e1tica, y es interesante que los estudiantes vengan a participar\u201d.<\/p>\n\n\n\n<p class=\"wp-block-paragraph\" id=\"geom_inter_1684884789250_64_245\">Estuvieron presentes la directora provincial de Educaci\u00f3n Superior, Marisa Gori; la subsecretaria de Educaci\u00f3n del Municipio de Quilmes, Nancy Brites; el director de Gesti\u00f3n Educativa, Leonardo Casazza; la presidenta y el vicepresidente del Consejo Escolar, Susana Brardinelli y Gustavo Lappano, respectivamente; y el jefe Regional de Inspecci\u00f3n, Pablo Vinuesa.<\/p>\n","protected":false},"excerpt":{"rendered":"<p>La intendenta<\/p>\n","protected":false},"author":1,"featured_media":39574,"comment_status":"closed","ping_status":"closed","sticky":false,"template":"","format":"standard","meta":{"footnotes":""},"categories":[2],"tags":[200,35,17],"class_list":["post-40524","post","type-post","status-publish","format-standard","has-post-thumbnail","hentry","category-quilmes","tag-mayra-mendoza","tag-municipio-de-quilmes","tag-quilmes"],"_links":{"self":[{"href":"https:\/\/panoramadelsur.com.ar\/index.php?rest_route=\/wp\/v2\/posts\/40524","targetHints":{"allow":["GET"]}}],"collection":[{"href":"https:\/\/panoramadelsur.com.ar\/index.php?rest_route=\/wp\/v2\/posts"}],"about":[{"href":"https:\/\/panoramadelsur.com.ar\/index.php?rest_route=\/wp\/v2\/types\/post"}],"author":[{"embeddable":true,"href":"https:\/\/panoramadelsur.com.ar\/index.php?rest_route=\/wp\/v2\/users\/1"}],"replies":[{"embeddable":true,"href":"https:\/\/panoramadelsur.com.ar\/index.php?rest_route=%2Fwp%2Fv2%2Fcomments&post=40524"}],"version-history":[{"count":2,"href":"https:\/\/panoramadelsur.com.ar\/index.php?rest_route=\/wp\/v2\/posts\/40524\/revisions"}],"predecessor-version":[{"id":40527,"href":"https:\/\/panoramadelsur.com.ar\/index.php?rest_route=\/wp\/v2\/posts\/40524\/revisions\/40527"}],"wp:featuredmedia":[{"embeddable":true,"href":"https:\/\/panoramadelsur.com.ar\/index.php?rest_route=\/wp\/v2\/media\/39574"}],"wp:attachment":[{"href":"https:\/\/panoramadelsur.com.ar\/index.php?rest_route=%2Fwp%2Fv2%2Fmedia&parent=40524"}],"wp:term":[{"taxonomy":"category","embeddable":true,"href":"https:\/\/panoramadelsur.com.ar\/index.php?rest_route=%2Fwp%2Fv2%2Fcategories&post=40524"},{"taxonomy":"post_tag","embeddable":true,"href":"https:\/\/panoramadelsur.com.ar\/index.php?rest_route=%2Fwp%2Fv2%2Ftags&post=40524"}],"curies":[{"name":"wp","href":"https:\/\/api.w.org\/{rel}","templated":true}]}}