{"id":4099,"date":"2021-05-16T01:06:00","date_gmt":"2021-05-16T04:06:00","guid":{"rendered":"http:\/\/panoramadelsur.com.ar\/?p=4099"},"modified":"2021-05-11T05:52:24","modified_gmt":"2021-05-11T08:52:24","slug":"educacion-debate-sobre-cuentos-clasicos-en-el-siglo-xxi","status":"publish","type":"post","link":"https:\/\/panoramadelsur.com.ar\/?p=4099","title":{"rendered":"Educaci\u00f3n: debate sobre cuentos cl\u00e1sicos en el Siglo XXI"},"content":{"rendered":"\n<p>En los \u00faltimos d\u00edas, se puso en boga, en medios de comunicaci\u00f3n internacionales y nacionales, un debate en torno al tradicional cuento de Disney, \u201cBlancanieves\u201d, puntualmente en la escena del beso final. En este sentido, la profesora Julieta Rechinas \u2013quien est\u00e1 a cargo del Proyecto Educativo Hablemos de ESI- abord\u00f3 la discusi\u00f3n desde los cuentos cl\u00e1sicos y el siglo XXI.<\/p>\n\n\n\n<p>A partir de lo acontecido en la reapertura del parque tem\u00e1tico Disney y el famoso \u201cbeso a Blancanieves\u201d, se pone en manifiesto si hay, o no, consentimiento en el famoso final de esta historia.<\/p>\n\n\n\n<p>\u201cBien sabemos, que Blancanieves es un cl\u00e1sico, una historia tradicional que fue creada hace 209 a\u00f1os. Hoy, con otras herramientas, en una sociedad que se ve atravesada por muchos cambios, donde las historias, las voces fueron mutando a las condiciones que poseemos hoy en d\u00eda. Hablar de igualdad de g\u00e9nero, posibilidades y oportunidades nos hace replantearnos si esta historia es o no \u2018apropiada\u2019\u201d, destaca Rechinas.<\/p>\n\n\n\n<p>Asimismo, agrega: \u201cM\u00e1s all\u00e1 del consentimiento o no,Blancanieves es una historia, un cuento, un cl\u00e1sico que forma parte de la literatura&#8230; Ahora, \u00bfcensura? y no\u2026, censurar la literatura se considera algo peligroso\u201d.<\/p>\n\n\n\n<p>Desde su \u00f3ptica, la docente propone abordar el tema desde la Educaci\u00f3n Sexual Integral, ya que \u201cnos brinda un abanico de posibilidades para abordar estas tem\u00e1ticas, utilic\u00e9mosla e incorporemos en las actividades la perspectiva de g\u00e9nero, el consentimiento, cuidado del cuerpo, reconocer las afectividades y las diversidades. Es interesante partir de esta literatura cl\u00e1sica para repensar: \u00bfqu\u00e9 cosas nos \u201chacen ruido\u201d? \u00bfqu\u00e9 podemos hacer para \u201ccambiar\u201d ese final? \u00bfY si buscamos reversiones del cuento?, las comparamos, las analizamos\u201d.<\/p>\n\n\n\n<p>Finalmente, Rechinas pondera la reflexi\u00f3n del debate: \u201cPropongamos a los y las estudiantes a tener una mirada cr\u00edtica, a poder dar su opini\u00f3n, discernir e incorporar la confianza y autonom\u00eda para pensar sobre estas cuestiones. Cambiar el foco, trabajarlo en la escuela y cuestionarse historias, pel\u00edculas y cuentos (como es en este caso) es parte de avanzar como sociedad, reconocer los derechos, oportunidades y libertades de las personas\u201d.<\/p>\n","protected":false},"excerpt":{"rendered":"<p>En los<\/p>\n","protected":false},"author":1,"featured_media":39574,"comment_status":"open","ping_status":"open","sticky":false,"template":"","format":"standard","meta":{"footnotes":""},"categories":[3],"tags":[],"class_list":["post-4099","post","type-post","status-publish","format-standard","has-post-thumbnail","hentry","category-regionales"],"_links":{"self":[{"href":"https:\/\/panoramadelsur.com.ar\/index.php?rest_route=\/wp\/v2\/posts\/4099","targetHints":{"allow":["GET"]}}],"collection":[{"href":"https:\/\/panoramadelsur.com.ar\/index.php?rest_route=\/wp\/v2\/posts"}],"about":[{"href":"https:\/\/panoramadelsur.com.ar\/index.php?rest_route=\/wp\/v2\/types\/post"}],"author":[{"embeddable":true,"href":"https:\/\/panoramadelsur.com.ar\/index.php?rest_route=\/wp\/v2\/users\/1"}],"replies":[{"embeddable":true,"href":"https:\/\/panoramadelsur.com.ar\/index.php?rest_route=%2Fwp%2Fv2%2Fcomments&post=4099"}],"version-history":[{"count":1,"href":"https:\/\/panoramadelsur.com.ar\/index.php?rest_route=\/wp\/v2\/posts\/4099\/revisions"}],"predecessor-version":[{"id":4101,"href":"https:\/\/panoramadelsur.com.ar\/index.php?rest_route=\/wp\/v2\/posts\/4099\/revisions\/4101"}],"wp:featuredmedia":[{"embeddable":true,"href":"https:\/\/panoramadelsur.com.ar\/index.php?rest_route=\/wp\/v2\/media\/39574"}],"wp:attachment":[{"href":"https:\/\/panoramadelsur.com.ar\/index.php?rest_route=%2Fwp%2Fv2%2Fmedia&parent=4099"}],"wp:term":[{"taxonomy":"category","embeddable":true,"href":"https:\/\/panoramadelsur.com.ar\/index.php?rest_route=%2Fwp%2Fv2%2Fcategories&post=4099"},{"taxonomy":"post_tag","embeddable":true,"href":"https:\/\/panoramadelsur.com.ar\/index.php?rest_route=%2Fwp%2Fv2%2Ftags&post=4099"}],"curies":[{"name":"wp","href":"https:\/\/api.w.org\/{rel}","templated":true}]}}