{"id":4116,"date":"2021-05-16T01:05:00","date_gmt":"2021-05-16T04:05:00","guid":{"rendered":"http:\/\/panoramadelsur.com.ar\/?p=4116"},"modified":"2021-05-11T16:13:04","modified_gmt":"2021-05-11T19:13:04","slug":"lanzan-concurso-nacional-para-transformar-la-sede-principal-del-banco-nacion","status":"publish","type":"post","link":"https:\/\/panoramadelsur.com.ar\/?p=4116","title":{"rendered":"Lanzan concurso nacional para transformar la sede principal del Banco Naci\u00f3n"},"content":{"rendered":"\n<p>Con el \u00abConcurso de Ideas\u00bb que se acaba de poner en marcha, el Banco de la Naci\u00f3n Argentina (BNA) busca renovar y modernizar su casa central emplazada en Plaza de Mayo, para iniciar un proceso de modernizaci\u00f3n y transformaci\u00f3n de la sede que es monumento hist\u00f3rico nacional y fue dise\u00f1ada por el c\u00e9lebre arquitecto Alejandro Bustillo.<\/p>\n\n\n\n<p>Dirigido a arquitectos, en el desaf\u00edo buscan equilibrar la belleza, el valor patrimonial, la modernidad y la tecnolog\u00eda para realizar un cambio trascendental en la planta baja del edificio que ocupa una manzana en el centro porte\u00f1o y a su vez reformular la organizaci\u00f3n funcional y tecnol\u00f3gica, conservaci\u00f3n y puesta en valor.<\/p>\n\n\n\n<p>A su vez, apuntan a adaptar el espacio a las \u00faltimas tendencias en materia de arquitectura e imagen corporativa bancaria y a reconfigurar la forma de relaci\u00f3n con los clientes a partir de los avances tecnol\u00f3gicos, lo que cobr\u00f3 m\u00e1s impulso con la situaci\u00f3n de la pandemia.<\/p>\n\n\n\n<p>La organizaci\u00f3n del concurso la lleva adelante la Sociedad Central de Arquitectos (SCA) con el auspicio de la Federaci\u00f3n Argentina de Entidades de Arquitectos (FADEA)..<\/p>\n\n\n\n<p>Se otorgar\u00e1n tres premios y menciones honor\u00edficas a criterio del jurado, con 1.200.000 millones de pesos para el primer premio, 500.000 para el segundo y 200.000 pesos el tercero.<\/p>\n\n\n\n<p>Los trabajos pueden ser presentados durante mayo hasta el 28 de junio de 2021, y el fallo estar\u00e1 disponible el 12 de julio.<\/p>\n\n\n\n<p>\u00abEl concurso es un hito para el banco y permitir\u00e1 proponer ideas que pongan en juego otra mirada arquitect\u00f3nica, que combine el valor hist\u00f3rico y patrimonial, con los avances tecnol\u00f3gicos y la modernidad\u00bb, indic\u00f3 el presidente de la entidad Eduardo Hecker.<\/p>\n\n\n\n<p>El jurado estar\u00e1 integrado por el ingeniero Carlos Grinberg, los arquitectos Enrique Garc\u00eda Espil y Mar\u00eda de las Nieves Arias Incoll\u00e1, junto a directivos del BNA. Los ganadores del concurso, \u00abeventualmente en el futuro puedan desarrollar un proyecto constructivo\u00bb, indica la entidad.<\/p>\n\n\n\n<p>\u00abLos bancos se vinculan en forma directa con el usuario, y para eso necesitan edificios con lineamientos arquitect\u00f3nicos de dinamismo y transparencia que responden m\u00e1s a las leyes del retail que a la vieja imagen institucional de poder, estabilidad y seguridad\u00bb, explic\u00f3 Grinberg.<\/p>\n\n\n\n<p>\u00abEsta nueva estrategia comercial hace que los edificios bancarios deban transmitir rapidez y agilidad. Por esto buscan nuevas im\u00e1genes utilizando espacios de planta libre articulados s\u00f3lo por el equipamiento, lo cual permite flexibilidad y f\u00e1cil adaptaci\u00f3n a las nuevas necesidades\u00bb, agreg\u00f3 el experto.<\/p>\n\n\n\n<p>Las bases del Concurso de Ideas se pueden consultar en http:\/\/socearq.org\/2.0\/concursos\/<\/p>\n","protected":false},"excerpt":{"rendered":"<p>Con el<\/p>\n","protected":false},"author":1,"featured_media":39574,"comment_status":"open","ping_status":"open","sticky":false,"template":"","format":"standard","meta":{"footnotes":""},"categories":[4],"tags":[],"class_list":["post-4116","post","type-post","status-publish","format-standard","has-post-thumbnail","hentry","category-nacionales"],"_links":{"self":[{"href":"https:\/\/panoramadelsur.com.ar\/index.php?rest_route=\/wp\/v2\/posts\/4116","targetHints":{"allow":["GET"]}}],"collection":[{"href":"https:\/\/panoramadelsur.com.ar\/index.php?rest_route=\/wp\/v2\/posts"}],"about":[{"href":"https:\/\/panoramadelsur.com.ar\/index.php?rest_route=\/wp\/v2\/types\/post"}],"author":[{"embeddable":true,"href":"https:\/\/panoramadelsur.com.ar\/index.php?rest_route=\/wp\/v2\/users\/1"}],"replies":[{"embeddable":true,"href":"https:\/\/panoramadelsur.com.ar\/index.php?rest_route=%2Fwp%2Fv2%2Fcomments&post=4116"}],"version-history":[{"count":1,"href":"https:\/\/panoramadelsur.com.ar\/index.php?rest_route=\/wp\/v2\/posts\/4116\/revisions"}],"predecessor-version":[{"id":4118,"href":"https:\/\/panoramadelsur.com.ar\/index.php?rest_route=\/wp\/v2\/posts\/4116\/revisions\/4118"}],"wp:featuredmedia":[{"embeddable":true,"href":"https:\/\/panoramadelsur.com.ar\/index.php?rest_route=\/wp\/v2\/media\/39574"}],"wp:attachment":[{"href":"https:\/\/panoramadelsur.com.ar\/index.php?rest_route=%2Fwp%2Fv2%2Fmedia&parent=4116"}],"wp:term":[{"taxonomy":"category","embeddable":true,"href":"https:\/\/panoramadelsur.com.ar\/index.php?rest_route=%2Fwp%2Fv2%2Fcategories&post=4116"},{"taxonomy":"post_tag","embeddable":true,"href":"https:\/\/panoramadelsur.com.ar\/index.php?rest_route=%2Fwp%2Fv2%2Ftags&post=4116"}],"curies":[{"name":"wp","href":"https:\/\/api.w.org\/{rel}","templated":true}]}}