{"id":4119,"date":"2021-05-11T18:34:15","date_gmt":"2021-05-11T21:34:15","guid":{"rendered":"http:\/\/panoramadelsur.com.ar\/?p=4119"},"modified":"2021-05-11T18:34:22","modified_gmt":"2021-05-11T21:34:22","slug":"el-municipio-de-quilmes-sigue-con-los-trabajos-diarios-de-higiene-urbana-bacheo-y-saneamiento-hidrico","status":"publish","type":"post","link":"https:\/\/panoramadelsur.com.ar\/?p=4119","title":{"rendered":"El Municipio de Quilmes sigue con los trabajos diarios de higiene urbana, bacheo y saneamiento h\u00eddrico"},"content":{"rendered":"\n<p class=\"wp-block-paragraph\">El Municipio de Quilmes contin\u00faa con los trabajos diarios de higiene urbana, limpieza, levantamiento de ramas y mont\u00edculos, erradicaci\u00f3n de basurales, saneamiento h\u00eddrico de arroyos, mantenimiento y embellecimiento de espacios p\u00fablicos y bacheo, en el marco del programa Quilmes Limpio, impulsado por la intendenta Mayra Mendoza.<\/p>\n\n\n\n<p class=\"wp-block-paragraph\">En la jornada de hoy, personal de la Secretar\u00eda de Servicio P\u00fablicos, a cargo de \u00c1ngel Garc\u00eda, realiz\u00f3 intensas tareas de mejoras, corte de pasto, levantamiento de ramas y desmalezado en el Parque Lineal de San Francisco Solano, en la zona de avenida Ferrocarril Provincial y calle 851.<\/p>\n\n\n\n<p class=\"wp-block-paragraph\">Lo mismo ocurri\u00f3 en la plaza Lourdes, en Corrientes y Juan B. Justo, de Quilmes Oeste; en la zona de Esqui\u00fa hasta avenida Smith y de Centenario a Vicente L\u00f3pez; en Lamadrid desde avenida La Plata hasta Calchaqu\u00ed, y en Camino General Belgrano desde Triunvirato hasta calle 842, tambi\u00e9n de Quilmes Oeste, y en diferentes calles de Barrio Parque Bernal.<\/p>\n\n\n\n<p class=\"wp-block-paragraph\">Acciones similares llevaron adelante cuadrillas de Higiene Urbana, con m\u00e1quinas y camiones en el sector comprendido entre Primera Junta y Hern\u00e1ndez y entre Hip\u00f3lito Yrigoyen y Mitre, en el centro de Quilmes.<\/p>\n\n\n\n<p class=\"wp-block-paragraph\">A su vez, encuadrado en el programa de Atenci\u00f3n a Escuelas y Jardines de Infantes del distrito, se realizaron labores de corte de pasto, desmalezado y limpieza en la Escuela Primaria N\u00ba 26, ubicada en Joaqu\u00edn V. Gonz\u00e1lez 751 casi Rodolfo L\u00f3pez.<\/p>\n\n\n\n<p class=\"wp-block-paragraph\"><strong>Levantamiento de mont\u00edculos<\/strong><\/p>\n\n\n\n<p class=\"wp-block-paragraph\">En esta l\u00ednea, personal municipal, con camiones, retroexacavadoras y bateas, levant\u00f3 ramas y mont\u00edculos sobre las avenidas Pedemonte y Donato \u00c1lvarez, en Bernal Oeste; en la avenida Mart\u00edn Rodr\u00edguez desde Smith hasta Pellegrini; en Condarco y Pellegrini; Tucum\u00e1n y avenida La Plata; H\u00fasares y Rodolfo L\u00f3pez; Condarco y Rep\u00fablica del L\u00edbano y Rep\u00fablica del L\u00edbano y Ricardo Rojas, todo en Quilmes Oeste.<\/p>\n\n\n\n<p class=\"wp-block-paragraph\">Las tareas se repitieron en Camino General Belgrano desde 12 de Octubre hasta la Rotonda de Pasco, y desde Lamadrid hasta Calchaqu\u00ed.<\/p>\n\n\n\n<p class=\"wp-block-paragraph\">En tanto, se realiz\u00f3 la limpieza de zanj\u00f3n en el Km 19 de la Autopista, en Quilmes Este; mientras que en Ezpeleta, se erradicaron microbasurales y se limpiaron roll off en el sector de Rep\u00fablica de Francia a Smith y de Centenario a avenida La Plata.<\/p>\n\n\n\n<p class=\"wp-block-paragraph\"><strong>Bacheo y reparaciones<\/strong><\/p>\n\n\n\n<p class=\"wp-block-paragraph\">La cuadrillas municipales siguen adelante con los trabajo de reparaciones con carpeta asf\u00e1ltica en Quilmes Centro. Durante la jornada se ejecutaron tareas en Col\u00f3n entre Lavalle y Brown, y en Brown entre Col\u00f3n y Alsina.<\/p>\n\n\n\n<p class=\"wp-block-paragraph\">A su vez, en La Colonia (Quilmes Oeste), se efectu\u00f3 bacheo y preparaci\u00f3n de terreno con llenado de hormig\u00f3n H30 en la zona de Azcu\u00e9naga y Jujuy. Lo mismo ocurri\u00f3 en San Francisco Solano, en la calle 846 y 892.<\/p>\n\n\n\n<p class=\"wp-block-paragraph\"><strong>Agua, Cloacas y Saneamiento H\u00eddrico<\/strong><\/p>\n\n\n\n<p class=\"wp-block-paragraph\">En tanto, personal de la Subsecretar\u00eda de Agua, Cloacas y Saneamiento H\u00eddrico, realiz\u00f3 trabajos de limpieza en el arroyo Las Piedras y calle 840, adem\u00e1s del rectificado de zanjas, colocaci\u00f3n de ca\u00f1os, reparaci\u00f3n de p\u00e9rdidas de agua, construcci\u00f3n de tapas, reconstrucci\u00f3n de sumideros, construcci\u00f3n de c\u00e1maras y desobstrucci\u00f3n de cloacas y sumideros en distintas zonas del distrito; y control\u00f3 el nivel de napas y el funcionamiento de las estaciones de bombeo.<\/p>\n","protected":false},"excerpt":{"rendered":"<p>El Municipio<\/p>\n","protected":false},"author":1,"featured_media":39574,"comment_status":"open","ping_status":"open","sticky":false,"template":"","format":"standard","meta":{"footnotes":""},"categories":[2],"tags":[],"class_list":["post-4119","post","type-post","status-publish","format-standard","has-post-thumbnail","hentry","category-quilmes"],"_links":{"self":[{"href":"https:\/\/panoramadelsur.com.ar\/index.php?rest_route=\/wp\/v2\/posts\/4119","targetHints":{"allow":["GET"]}}],"collection":[{"href":"https:\/\/panoramadelsur.com.ar\/index.php?rest_route=\/wp\/v2\/posts"}],"about":[{"href":"https:\/\/panoramadelsur.com.ar\/index.php?rest_route=\/wp\/v2\/types\/post"}],"author":[{"embeddable":true,"href":"https:\/\/panoramadelsur.com.ar\/index.php?rest_route=\/wp\/v2\/users\/1"}],"replies":[{"embeddable":true,"href":"https:\/\/panoramadelsur.com.ar\/index.php?rest_route=%2Fwp%2Fv2%2Fcomments&post=4119"}],"version-history":[{"count":1,"href":"https:\/\/panoramadelsur.com.ar\/index.php?rest_route=\/wp\/v2\/posts\/4119\/revisions"}],"predecessor-version":[{"id":4121,"href":"https:\/\/panoramadelsur.com.ar\/index.php?rest_route=\/wp\/v2\/posts\/4119\/revisions\/4121"}],"wp:featuredmedia":[{"embeddable":true,"href":"https:\/\/panoramadelsur.com.ar\/index.php?rest_route=\/wp\/v2\/media\/39574"}],"wp:attachment":[{"href":"https:\/\/panoramadelsur.com.ar\/index.php?rest_route=%2Fwp%2Fv2%2Fmedia&parent=4119"}],"wp:term":[{"taxonomy":"category","embeddable":true,"href":"https:\/\/panoramadelsur.com.ar\/index.php?rest_route=%2Fwp%2Fv2%2Fcategories&post=4119"},{"taxonomy":"post_tag","embeddable":true,"href":"https:\/\/panoramadelsur.com.ar\/index.php?rest_route=%2Fwp%2Fv2%2Ftags&post=4119"}],"curies":[{"name":"wp","href":"https:\/\/api.w.org\/{rel}","templated":true}]}}