{"id":4122,"date":"2021-05-11T18:40:59","date_gmt":"2021-05-11T21:40:59","guid":{"rendered":"http:\/\/panoramadelsur.com.ar\/?p=4122"},"modified":"2021-05-11T18:41:03","modified_gmt":"2021-05-11T21:41:03","slug":"el-concejo-deliberante-de-quilmes-continua-sesionando-en-forma-virtual","status":"publish","type":"post","link":"https:\/\/panoramadelsur.com.ar\/?p=4122","title":{"rendered":"El Concejo Deliberante de Quilmes contin\u00faa sesionando en forma virtual"},"content":{"rendered":"\n<p class=\"wp-block-paragraph\">Este martes el Concejo Deliberante de Quilmes sesion\u00f3 en forma virtual respetando los protocolos correspondientes por la pandemia Covid-19.<\/p>\n\n\n\n<p class=\"wp-block-paragraph\">En este marco, el&nbsp; titular del Cuerpo Fabio B\u00e1ez, dio cumplimiento a la convocatoria pautada para celebrar la sesi\u00f3n ordinaria que comenz\u00f3&nbsp; con la entonaci\u00f3n del Himno Nacional Argentino conmemorando la fecha en que la Asamblea del a\u00f1o Xlll sancion\u00f3 como himno a la marcha patria con letra de Vicente L\u00f3pez y Planes y m\u00fasica de Blas Parera.<\/p>\n\n\n\n<p class=\"wp-block-paragraph\"><strong>Fiestas clandestinas<\/strong><\/p>\n\n\n\n<p class=\"wp-block-paragraph\">El Concejo Deliberante aprob\u00f3 la iniciativa que busca desalentar la realizaci\u00f3n, organizaci\u00f3n y colaboraci\u00f3n en fiestas clandestinas en el partido de Quilmes como as\u00ed tambi\u00e9n cualquier tipo de espect\u00e1culos que pongan en riesgo la salud p\u00fablica, haciendo cumplir la normativa Nacional, Provincial y Municipal. La medida&nbsp; establece sanciones y multas para aquellos que realicen eventos &nbsp;no autorizados, disponiendo lo recaudado para la compra de insumos destinados a combatir la Pandemia Covid-19. La ordenanza estar\u00e1 vigente mientras dure la Emergencia Sanitaria.<\/p>\n\n\n\n<p class=\"wp-block-paragraph\"><strong>Seguridad P\u00fablica<\/strong><\/p>\n\n\n\n<p class=\"wp-block-paragraph\">Asimismo, se prorrog\u00f3 la Declaraci\u00f3n de Emergencia en Seguridad P\u00fablica sancionada por el Concejo Deliberante en 2020 por el t\u00e9rmino de 180 d\u00edas.<\/p>\n\n\n\n<p class=\"wp-block-paragraph\"><strong>Convenios en materia de Derechos Humanos<\/strong><\/p>\n\n\n\n<p class=\"wp-block-paragraph\">El Concejo Deliberante convalid\u00f3 el Convenio Marco de Cooperaci\u00f3n Institucional entre la Municipalidad de Quilmes y la Oficina del Alto Comisionado de las Naciones Unidas para los Refugiados-ACNUR, facultando al Departamento Ejecutivo a concretar&nbsp; acuerdos.<\/p>\n\n\n\n<p class=\"wp-block-paragraph\"><strong>Minutas Verbales<\/strong><\/p>\n\n\n\n<p class=\"wp-block-paragraph\">Durante el encuentro se formularon Minutas Verbales que fueron aprobadas&nbsp; por el Cuerpo solicitando a las \u00e1reas correspondientes reparaci\u00f3n de bache en lugar espec\u00edfico de Quilmes Oeste; tareas de zanjeo y desratizaci\u00f3n en zona determinada del B\u00b0 Luis Farinello, entre otras.<\/p>\n\n\n\n<p class=\"wp-block-paragraph\">En virtud de las minutas, Fabio B\u00e1ez, manifest\u00f3, \u201cHubo minutas que surgieron de algunos concejales, fue una sesi\u00f3n tranquila. Hoy nos invita m\u00e1s a pensar en el grave momento que vivimos, que nos est\u00e1 atravesando esta pandemia, a profundizar y a tratar de unir los criterios para cuidarnos, para estar al lado de la gente, para ayudar a quien m\u00e1s lo necesita, esa debe ser la tarea hoy de todos los concejales\u201d.<\/p>\n\n\n\n<p class=\"wp-block-paragraph\"><strong>Homenajes<\/strong><\/p>\n\n\n\n<p class=\"wp-block-paragraph\">El titular del Cuerpo Fabio B\u00e1ez, se refiri\u00f3 a los homenajes realizados durante la sesi\u00f3n, los mismos fueron para los recientemente fallecidos, Omar \u201cIndio\u201d G\u00f3mez; el fot\u00f3grafo y reportero gr\u00e1fico Carlitos Scott y el asesor legislativo Joel Vera.&nbsp;<\/p>\n\n\n\n<p class=\"wp-block-paragraph\">\u201cEsta fue una sesi\u00f3n muy particular, donde se homenaje\u00f3 a dos Ciudadanos Ilustres, personas que son de mucho sentimiento para nuestra ciudad, como lo dec\u00eda la concejal que hizo el homenaje, (R.Coldani) Carlos Scott,&nbsp; quien le aport\u00f3 mucho a nuestra ciudad desde lo cultural y a Omar G\u00f3mez, al cual este Cuerpo tuvo la posibilidad de declararlo Ciudadano Ilustre, proyecto que pude presentar\u201d, expres\u00f3 B\u00e1ez y afirm\u00f3, \u201cLos homenajes hay que hacerlos en vida y el \u201cIndio\u201d tuvo su merecida declaraci\u00f3n de Ciudadano Ilustre, la que por a\u00f1os se vio postergada por distintos motivos. Tuvimos con \u00e9l largas charlas, y logramos distinguirlo. Son personas que nos han marcado muchas cosas\u201d.<\/p>\n\n\n\n<p class=\"wp-block-paragraph\">\u201cDesde lo deportivo hay una salida para los j\u00f3venes, una salida laboral como lo hizo \u00e9l. Represent\u00e1ndonos tanto en el club de nuestra ciudad como en el exterior. Ya lo dec\u00eda la concejal, \u00e9l fue a jugar a EEUU cuando all\u00e1 no se hablaba ni de c\u00f3mo era una pelota. Ese fue el Indio G\u00f3mez, una persona querida, el que nos encontr\u00e1bamos en cada rinc\u00f3n de nuestra ciudad, paseando y relacion\u00e1ndose con todos los vecinos. Reconocerlo, era una deuda que ten\u00eda este Concejo Deliberante\u201d, sostuvo el titular del Legislativo quien tambi\u00e9n se refiri\u00f3 a Joel Vera, \u201cUn militante, que nos dej\u00f3 &nbsp;hace poco, un compa\u00f1ero del campo nacional y popular con quien hemos compartido muchas jornadas de militancia, un luchador de Quilmes. En los \u00faltimos tiempos estaba desarrollando tareas en este Concejo Deliberante como asesor de la concejal Patricia Iribarne\u201d.<\/p>\n","protected":false},"excerpt":{"rendered":"<p>Este martes<\/p>\n","protected":false},"author":1,"featured_media":39574,"comment_status":"open","ping_status":"open","sticky":false,"template":"","format":"standard","meta":{"footnotes":""},"categories":[1],"tags":[],"class_list":["post-4122","post","type-post","status-publish","format-standard","has-post-thumbnail","hentry","category-destacados"],"_links":{"self":[{"href":"https:\/\/panoramadelsur.com.ar\/index.php?rest_route=\/wp\/v2\/posts\/4122","targetHints":{"allow":["GET"]}}],"collection":[{"href":"https:\/\/panoramadelsur.com.ar\/index.php?rest_route=\/wp\/v2\/posts"}],"about":[{"href":"https:\/\/panoramadelsur.com.ar\/index.php?rest_route=\/wp\/v2\/types\/post"}],"author":[{"embeddable":true,"href":"https:\/\/panoramadelsur.com.ar\/index.php?rest_route=\/wp\/v2\/users\/1"}],"replies":[{"embeddable":true,"href":"https:\/\/panoramadelsur.com.ar\/index.php?rest_route=%2Fwp%2Fv2%2Fcomments&post=4122"}],"version-history":[{"count":1,"href":"https:\/\/panoramadelsur.com.ar\/index.php?rest_route=\/wp\/v2\/posts\/4122\/revisions"}],"predecessor-version":[{"id":4124,"href":"https:\/\/panoramadelsur.com.ar\/index.php?rest_route=\/wp\/v2\/posts\/4122\/revisions\/4124"}],"wp:featuredmedia":[{"embeddable":true,"href":"https:\/\/panoramadelsur.com.ar\/index.php?rest_route=\/wp\/v2\/media\/39574"}],"wp:attachment":[{"href":"https:\/\/panoramadelsur.com.ar\/index.php?rest_route=%2Fwp%2Fv2%2Fmedia&parent=4122"}],"wp:term":[{"taxonomy":"category","embeddable":true,"href":"https:\/\/panoramadelsur.com.ar\/index.php?rest_route=%2Fwp%2Fv2%2Fcategories&post=4122"},{"taxonomy":"post_tag","embeddable":true,"href":"https:\/\/panoramadelsur.com.ar\/index.php?rest_route=%2Fwp%2Fv2%2Ftags&post=4122"}],"curies":[{"name":"wp","href":"https:\/\/api.w.org\/{rel}","templated":true}]}}