{"id":4150,"date":"2021-05-12T18:06:44","date_gmt":"2021-05-12T21:06:44","guid":{"rendered":"http:\/\/panoramadelsur.com.ar\/?p=4150"},"modified":"2021-05-12T18:06:46","modified_gmt":"2021-05-12T21:06:46","slug":"mayra-y-cabandie-recorrieron-el-centro-de-vacunacion-del-parque-de-la-cerveceria","status":"publish","type":"post","link":"https:\/\/panoramadelsur.com.ar\/?p=4150","title":{"rendered":"Mayra y Cabandi\u00e9 recorrieron el centro de vacunaci\u00f3n del Parque de la Cervecer\u00eda"},"content":{"rendered":"\n<p class=\"wp-block-paragraph\">La intendenta de Quilmes, Mayra Mendoza, recorri\u00f3 en el mediod\u00eda de hoy junto al ministro de Ambiente y Desarrollo Sostenible de la Naci\u00f3n, Juan Cabandi\u00e9, el centro de vacunaci\u00f3n que funciona en el Parque de la Cervecer\u00eda, de Quilmes Oeste, que es una de las 12 postas vacunatorias con las que cuenta el Municipio de Quilmes en el contexto de la campa\u00f1a nacional de vacunaci\u00f3n contra el COVID 19.<\/p>\n\n\n\n<p class=\"wp-block-paragraph\">\u201cEn el marco del D\u00eda Internacional de la Enfermer\u00eda, con el ministro Juan Cabandi\u00e9 recorrimos el centro de vacunaci\u00f3n que funciona en el Parque de la Cervecer\u00eda. Saludamos a quienes desde el primer d\u00eda est\u00e1n poniendo el cuerpo para cuidar la salud de nuestra comunidad y d\u00eda a d\u00eda se esfuerzan para hacerle frente a este momento tan dif\u00edcil que nos toca atravesar. Esta semana alcanzamos los 100 mil vacunados y este es uno de los 12 centros de Buenos Aires Vacunate que pusimos en marcha para avanzar con la campa\u00f1a de vacunaci\u00f3n m\u00e1s importante de la historia. \u00a1Gracias a todo el personal de enfermer\u00eda y al Ministro por acompa\u00f1arnos!\u201d, destac\u00f3 Mayra.<\/p>\n\n\n\n<p class=\"wp-block-paragraph\">Una vez en el lugar, fueron recibidos por el secretario de Salud de la Comuna, doctor Jonatan Konfino, quien les detall\u00f3 que en la citada posta vacunatoria se dieron hoy 810 turnos de vacunaci\u00f3n y que actualmente se les aplic\u00f3 la vacuna a 4.973 vecinos y vecinas. En Quilmes, hay 102.846 personas vacunadas, de las cuales 10.365 recibieron ya su segunda dosis.<\/p>\n\n\n\n<p class=\"wp-block-paragraph\">Quilmes cuenta con 12 centros de vacunaci\u00f3n: la Universidad Nacional de Quilmes (UNQ, en Roque S\u00e1enz Pe\u00f1a 352, Bernal Este); el predio del Sindicato del Pl\u00e1stico (Rodolfo L\u00f3pez y avenida La Plata, Quilmes Oeste); el CIC La Paz (Eva Per\u00f3n -calle 892- y 802, Quilmes Oeste); la sede de Licencias del Centro de Emergencias Quilmes (CEQ); el punto IOMA que tambi\u00e9n se encuentra en el CEQ (Calchaqu\u00ed 3049, Quilmes Oeste), en el sector de la Secretar\u00eda de Seguridad y Ordenamiento Urbano; el Parque de la Cervecer\u00eda (Laprida 600, Quilmes Oeste); la Sociedad Italiana Fratelli D\u2019Italia, (calle 845 N\u00ba 2250, San Francisco Solano); el Colegio San Jorge (Guido 800, Quilmes Este); la sede de SUTEBA Quilmes (Humberto Primo 361, Quilmes); el Centro de Producci\u00f3n Audiovisual (CPA) Leonardo Favio (Chacabuco 600 esquina Ameghino, Bernal); el Centro de Veteranos de Malvinas (Joaqu\u00edn V. Gonz\u00e1lez 3657, Quilmes Oeste) y la UGL 37 del PAMI, de manera itinerante, en los centros de larga estad\u00eda y geri\u00e1tricos.<\/p>\n\n\n\n<p class=\"wp-block-paragraph\">Para recibir la vacuna contra el coronavirus hay que registrarse en la p\u00e1gina web del plan provincial p\u00fablico, gratuito y optativo contra el COVID 19 Buenos Aires Vacunate (https:\/\/vacunatepba.gba.gob.ar\/).<\/p>\n","protected":false},"excerpt":{"rendered":"<p>La intendenta<\/p>\n","protected":false},"author":1,"featured_media":39574,"comment_status":"open","ping_status":"open","sticky":false,"template":"","format":"standard","meta":{"footnotes":""},"categories":[2],"tags":[],"class_list":["post-4150","post","type-post","status-publish","format-standard","has-post-thumbnail","hentry","category-quilmes"],"_links":{"self":[{"href":"https:\/\/panoramadelsur.com.ar\/index.php?rest_route=\/wp\/v2\/posts\/4150","targetHints":{"allow":["GET"]}}],"collection":[{"href":"https:\/\/panoramadelsur.com.ar\/index.php?rest_route=\/wp\/v2\/posts"}],"about":[{"href":"https:\/\/panoramadelsur.com.ar\/index.php?rest_route=\/wp\/v2\/types\/post"}],"author":[{"embeddable":true,"href":"https:\/\/panoramadelsur.com.ar\/index.php?rest_route=\/wp\/v2\/users\/1"}],"replies":[{"embeddable":true,"href":"https:\/\/panoramadelsur.com.ar\/index.php?rest_route=%2Fwp%2Fv2%2Fcomments&post=4150"}],"version-history":[{"count":1,"href":"https:\/\/panoramadelsur.com.ar\/index.php?rest_route=\/wp\/v2\/posts\/4150\/revisions"}],"predecessor-version":[{"id":4152,"href":"https:\/\/panoramadelsur.com.ar\/index.php?rest_route=\/wp\/v2\/posts\/4150\/revisions\/4152"}],"wp:featuredmedia":[{"embeddable":true,"href":"https:\/\/panoramadelsur.com.ar\/index.php?rest_route=\/wp\/v2\/media\/39574"}],"wp:attachment":[{"href":"https:\/\/panoramadelsur.com.ar\/index.php?rest_route=%2Fwp%2Fv2%2Fmedia&parent=4150"}],"wp:term":[{"taxonomy":"category","embeddable":true,"href":"https:\/\/panoramadelsur.com.ar\/index.php?rest_route=%2Fwp%2Fv2%2Fcategories&post=4150"},{"taxonomy":"post_tag","embeddable":true,"href":"https:\/\/panoramadelsur.com.ar\/index.php?rest_route=%2Fwp%2Fv2%2Ftags&post=4150"}],"curies":[{"name":"wp","href":"https:\/\/api.w.org\/{rel}","templated":true}]}}