{"id":41969,"date":"2023-07-05T01:04:00","date_gmt":"2023-07-05T04:04:00","guid":{"rendered":"https:\/\/panoramadelsur.com.ar\/?p=41969"},"modified":"2023-07-03T21:18:42","modified_gmt":"2023-07-04T00:18:42","slug":"ya-esta-disponible-plan-de-pago-de-deuda-previsional-para-trabajadores-en-actividad-informo-anses","status":"publish","type":"post","link":"https:\/\/panoramadelsur.com.ar\/?p=41969","title":{"rendered":"YA EST\u00c1 DISPONIBLE PLAN DE PAGO DE DEUDA PREVISIONAL PARA TRABAJADORES EN ACTIVIDAD, INFORM\u00d3 ANSES"},"content":{"rendered":"\n<p>Las personas que est\u00e9n por cumplir la edad para jubilarse y adeuden aportes previsionales pueden regularizarlos a partir de esta semana, inform\u00f3 la Administraci\u00f3n Nacional de la Seguridad Social (Anses).<\/p>\n\n\n\n<p>La regularizaci\u00f3n se realiza mediante la Unidad de Cancelaci\u00f3n de Aportes Previsionales para Trabajadores y Trabajadoras en Actividad previstas en la Ley 27.705 del Plan de Pago de Deuda Previsional, tal como se precis\u00f3 en la resoluci\u00f3n 131\/2023, publicada esta semana en el Bolet\u00edn Oficial.<\/p>\n\n\n\n<p>La directora ejecutiva de Anses, Fernanda Raverta, afirm\u00f3 que \u00abnadie duda que en la Argentina todas y todos trabajamos; lo que hay es un problema en la registraci\u00f3n de esos a\u00f1os de trabajo por parte de los empleadores\u00bb.<\/p>\n\n\n\n<p>\u00abEn ese sentido, el plan de pago tiene efectos muy positivos y es novedoso porque genera previsibilidad al permitir adelantar cuotas antes de cumplir la edad jubilatoria, afianzando la cultura previsional\u00bb, se\u00f1al\u00f3.<\/p>\n\n\n\n<p>Raverta agreg\u00f3 que \u00abgracias a la nueva ley, ya hay m\u00e1s de 200.000 personas que pudieron iniciar su tr\u00e1mite jubilatorio y ahora tambi\u00e9n vamos a estar recibiendo a las trabajadoras y trabajadores en actividad en las oficinas de Anses de todo el pa\u00eds\u00bb.<\/p>\n\n\n\n<p>El tr\u00e1mite est\u00e1 dirigido a mujeres de entre 50 y 59 y varones de entre 55 y 64 que, al cumplir la edad jubilatoria, no re\u00fanan los 30 a\u00f1os de aportes requeridos.<\/p>\n\n\n\n<p>Los interesados podr\u00e1n regularizar per\u00edodos faltantes hasta el 31 de marzo de 2012 inclusive y deben requerir un turno en www.anses.gob.ar, Tr\u00e1mites y Servicios, Turnos, Solicitar un turno y elegir Plan de Pago de Deuda Previsional (Trabajadores\/Trabajadoras en Actividad).<\/p>\n","protected":false},"excerpt":{"rendered":"<p>Las personas<\/p>\n","protected":false},"author":1,"featured_media":39574,"comment_status":"closed","ping_status":"closed","sticky":false,"template":"","format":"standard","meta":{"footnotes":""},"categories":[4,8],"tags":[20,59],"class_list":["post-41969","post","type-post","status-publish","format-standard","has-post-thumbnail","hentry","category-nacionales","category-para-agendar","tag-anses","tag-nacionales"],"_links":{"self":[{"href":"https:\/\/panoramadelsur.com.ar\/index.php?rest_route=\/wp\/v2\/posts\/41969","targetHints":{"allow":["GET"]}}],"collection":[{"href":"https:\/\/panoramadelsur.com.ar\/index.php?rest_route=\/wp\/v2\/posts"}],"about":[{"href":"https:\/\/panoramadelsur.com.ar\/index.php?rest_route=\/wp\/v2\/types\/post"}],"author":[{"embeddable":true,"href":"https:\/\/panoramadelsur.com.ar\/index.php?rest_route=\/wp\/v2\/users\/1"}],"replies":[{"embeddable":true,"href":"https:\/\/panoramadelsur.com.ar\/index.php?rest_route=%2Fwp%2Fv2%2Fcomments&post=41969"}],"version-history":[{"count":1,"href":"https:\/\/panoramadelsur.com.ar\/index.php?rest_route=\/wp\/v2\/posts\/41969\/revisions"}],"predecessor-version":[{"id":41971,"href":"https:\/\/panoramadelsur.com.ar\/index.php?rest_route=\/wp\/v2\/posts\/41969\/revisions\/41971"}],"wp:featuredmedia":[{"embeddable":true,"href":"https:\/\/panoramadelsur.com.ar\/index.php?rest_route=\/wp\/v2\/media\/39574"}],"wp:attachment":[{"href":"https:\/\/panoramadelsur.com.ar\/index.php?rest_route=%2Fwp%2Fv2%2Fmedia&parent=41969"}],"wp:term":[{"taxonomy":"category","embeddable":true,"href":"https:\/\/panoramadelsur.com.ar\/index.php?rest_route=%2Fwp%2Fv2%2Fcategories&post=41969"},{"taxonomy":"post_tag","embeddable":true,"href":"https:\/\/panoramadelsur.com.ar\/index.php?rest_route=%2Fwp%2Fv2%2Ftags&post=41969"}],"curies":[{"name":"wp","href":"https:\/\/api.w.org\/{rel}","templated":true}]}}