{"id":42098,"date":"2023-07-05T01:03:00","date_gmt":"2023-07-05T04:03:00","guid":{"rendered":"https:\/\/panoramadelsur.com.ar\/?p=42098"},"modified":"2023-07-05T03:25:12","modified_gmt":"2023-07-05T06:25:12","slug":"berazategui-nuevo-horario-en-el-centro-de-gestion-sustentable","status":"publish","type":"post","link":"https:\/\/panoramadelsur.com.ar\/?p=42098","title":{"rendered":"BERAZATEGUI: NUEVO HORARIO EN EL CENTRO DE GESTI\u00d3N SUSTENTABLE"},"content":{"rendered":"\n<p><strong>El Centro de Gesti\u00f3n Sustentable (CGS) de Berazategui, ubicado en Av. Padre Mugica (33) y 162, ahora funciona de lunes a s\u00e1bado de 6.00 a 16.00.<\/strong><\/p>\n\n\n\n<p>All\u00ed se pueden acercar ramas, escombros, tierra, muebles, chatarra y\/o aparatos electr\u00f3nicos. Estos residuos no son basura convencional y est\u00e1 terminantemente prohibido dejarlos en canastos domiciliarios o arrojarlos en la v\u00eda p\u00fablica.<\/p>\n\n\n\n<p>A trav\u00e9s de este espacio, el Municipio se encarga de darle un tratamiento adecuado a cada uno de esos elementos y objetos, sac\u00e1ndolos del espacio p\u00fablico y recicl\u00e1ndolos. De esta manera, se contribuye a disminuir la cantidad de basura que se lleva a CEAMSE y, tambi\u00e9n, a eliminar los puntos de arrojo que se generan en distintas zonas del partido.<\/p>\n","protected":false},"excerpt":{"rendered":"<p>El Centro<\/p>\n","protected":false},"author":1,"featured_media":39574,"comment_status":"closed","ping_status":"closed","sticky":false,"template":"","format":"standard","meta":{"footnotes":""},"categories":[8],"tags":[40],"class_list":["post-42098","post","type-post","status-publish","format-standard","has-post-thumbnail","hentry","category-para-agendar","tag-berazategui"],"_links":{"self":[{"href":"https:\/\/panoramadelsur.com.ar\/index.php?rest_route=\/wp\/v2\/posts\/42098","targetHints":{"allow":["GET"]}}],"collection":[{"href":"https:\/\/panoramadelsur.com.ar\/index.php?rest_route=\/wp\/v2\/posts"}],"about":[{"href":"https:\/\/panoramadelsur.com.ar\/index.php?rest_route=\/wp\/v2\/types\/post"}],"author":[{"embeddable":true,"href":"https:\/\/panoramadelsur.com.ar\/index.php?rest_route=\/wp\/v2\/users\/1"}],"replies":[{"embeddable":true,"href":"https:\/\/panoramadelsur.com.ar\/index.php?rest_route=%2Fwp%2Fv2%2Fcomments&post=42098"}],"version-history":[{"count":1,"href":"https:\/\/panoramadelsur.com.ar\/index.php?rest_route=\/wp\/v2\/posts\/42098\/revisions"}],"predecessor-version":[{"id":42100,"href":"https:\/\/panoramadelsur.com.ar\/index.php?rest_route=\/wp\/v2\/posts\/42098\/revisions\/42100"}],"wp:featuredmedia":[{"embeddable":true,"href":"https:\/\/panoramadelsur.com.ar\/index.php?rest_route=\/wp\/v2\/media\/39574"}],"wp:attachment":[{"href":"https:\/\/panoramadelsur.com.ar\/index.php?rest_route=%2Fwp%2Fv2%2Fmedia&parent=42098"}],"wp:term":[{"taxonomy":"category","embeddable":true,"href":"https:\/\/panoramadelsur.com.ar\/index.php?rest_route=%2Fwp%2Fv2%2Fcategories&post=42098"},{"taxonomy":"post_tag","embeddable":true,"href":"https:\/\/panoramadelsur.com.ar\/index.php?rest_route=%2Fwp%2Fv2%2Ftags&post=42098"}],"curies":[{"name":"wp","href":"https:\/\/api.w.org\/{rel}","templated":true}]}}