{"id":4222,"date":"2021-05-14T19:44:36","date_gmt":"2021-05-14T22:44:36","guid":{"rendered":"http:\/\/panoramadelsur.com.ar\/?p=4222"},"modified":"2021-05-14T19:44:37","modified_gmt":"2021-05-14T22:44:37","slug":"almirante-brown-matan-de-un-balazo-al-empleado-de-un-lavadero-de-autos-e-investigan-si-quisieron-robar-un-vehiculo","status":"publish","type":"post","link":"https:\/\/panoramadelsur.com.ar\/?p=4222","title":{"rendered":"Almirante Brown: Matan de un balazo al empleado de un lavadero de autos e investigan si quisieron robar un veh\u00edculo"},"content":{"rendered":"\n<p>Un joven de 20 a\u00f1os que trabajaba como empleado de un lavadero de autos en el partido de Almirante Brown fue asesinado de un balazo en el pecho y se investiga si ocurri\u00f3 cuando delincuentes quisieron robar uno de los veh\u00edculos, informaron hoy fuentes judiciales.<\/p>\n\n\n\n<p>El hecho que trascendi\u00f3 hoy se registr\u00f3 cerca de las 17 del martes \u00faltimo en la esquina de Falucho y El Picaflor, en la localidad de San Francisco Solano, jurisdicci\u00f3n del mencionado distrito de la zona sur del conurbano.<\/p>\n\n\n\n<p>Fuentes judiciales informaron a T\u00e9lam que todo comenz\u00f3 cuando un cliente lleg\u00f3 a bordo de un Fiat Uno al lavadero en el que trabajaba la v\u00edctima, identificada como Daniel Urie\u00f1a.<\/p>\n\n\n\n<p>En ese momento, delincuentes arribaron al lugar en otro veh\u00edculo y uno de ellos descendi\u00f3 empu\u00f1ando un arma de fuego para dirigirse al negocio.<\/p>\n\n\n\n<p>Seg\u00fan las fuentes, el joven recibi\u00f3 un disparo en el pecho que le caus\u00f3 la muerte y los delincuentes huyeron sin robar nada.<\/p>\n\n\n\n<p>Efectivos de la comisar\u00eda 10ma. de Almirante Brown fueron alertados y comenzaron a investigar el crimen a trav\u00e9s de c\u00e1maras de seguridad que hab\u00eda en la cuadra.<\/p>\n\n\n\n<p>\u00abPor lo que se ve en las im\u00e1genes intentar\u00eda robarle el veh\u00edculo que estaba ingresando al lavadero y, ante una m\u00ednima resistencia, reaccion\u00f3 casi de manera autom\u00e1tica con un disparo\u00bb, precis\u00f3 a T\u00e9lam un vocero encargado de la pesquisa.<\/p>\n\n\n\n<p>El hecho es investigado por personal de la Unidad Funcional de Instrucci\u00f3n (UFI) 5 del Departamento Judicial Lomas de Zamora.<\/p>\n","protected":false},"excerpt":{"rendered":"<p>Un joven<\/p>\n","protected":false},"author":1,"featured_media":39574,"comment_status":"open","ping_status":"open","sticky":false,"template":"","format":"standard","meta":{"footnotes":""},"categories":[3],"tags":[],"class_list":["post-4222","post","type-post","status-publish","format-standard","has-post-thumbnail","hentry","category-regionales"],"_links":{"self":[{"href":"https:\/\/panoramadelsur.com.ar\/index.php?rest_route=\/wp\/v2\/posts\/4222","targetHints":{"allow":["GET"]}}],"collection":[{"href":"https:\/\/panoramadelsur.com.ar\/index.php?rest_route=\/wp\/v2\/posts"}],"about":[{"href":"https:\/\/panoramadelsur.com.ar\/index.php?rest_route=\/wp\/v2\/types\/post"}],"author":[{"embeddable":true,"href":"https:\/\/panoramadelsur.com.ar\/index.php?rest_route=\/wp\/v2\/users\/1"}],"replies":[{"embeddable":true,"href":"https:\/\/panoramadelsur.com.ar\/index.php?rest_route=%2Fwp%2Fv2%2Fcomments&post=4222"}],"version-history":[{"count":1,"href":"https:\/\/panoramadelsur.com.ar\/index.php?rest_route=\/wp\/v2\/posts\/4222\/revisions"}],"predecessor-version":[{"id":4223,"href":"https:\/\/panoramadelsur.com.ar\/index.php?rest_route=\/wp\/v2\/posts\/4222\/revisions\/4223"}],"wp:featuredmedia":[{"embeddable":true,"href":"https:\/\/panoramadelsur.com.ar\/index.php?rest_route=\/wp\/v2\/media\/39574"}],"wp:attachment":[{"href":"https:\/\/panoramadelsur.com.ar\/index.php?rest_route=%2Fwp%2Fv2%2Fmedia&parent=4222"}],"wp:term":[{"taxonomy":"category","embeddable":true,"href":"https:\/\/panoramadelsur.com.ar\/index.php?rest_route=%2Fwp%2Fv2%2Fcategories&post=4222"},{"taxonomy":"post_tag","embeddable":true,"href":"https:\/\/panoramadelsur.com.ar\/index.php?rest_route=%2Fwp%2Fv2%2Ftags&post=4222"}],"curies":[{"name":"wp","href":"https:\/\/api.w.org\/{rel}","templated":true}]}}