{"id":4233,"date":"2021-05-17T01:01:00","date_gmt":"2021-05-17T04:01:00","guid":{"rendered":"http:\/\/panoramadelsur.com.ar\/?p=4233"},"modified":"2021-05-16T18:46:48","modified_gmt":"2021-05-16T21:46:48","slug":"desde-quilmes-el-gobierno-nacional-lanzara-este-lunes-el-programa-pymes-en-gondolas","status":"publish","type":"post","link":"https:\/\/panoramadelsur.com.ar\/?p=4233","title":{"rendered":"Desde Quilmes, el Gobierno Nacional lanzar\u00e1 este lunes el programa PyMEs en G\u00f3ndolas"},"content":{"rendered":"\n<p>El Ministerio de Desarrollo Productivo lanzar\u00e1 este lunes el Programa PyMEs en G\u00f3ndolas, para acompa\u00f1ar a las cooperativas, a integrantes de la agricultura familiar y a las micro, peque\u00f1as y medianas empresas en el proceso que implica llegar a la comercializaci\u00f3n en cadenas de supermercados.<\/p>\n\n\n\n<p>En un comunicado, la cartera productiva se\u00f1al\u00f3 que \u00abel paquete de medidas incluye l\u00edneas de cr\u00e9dito y asistencia a trav\u00e9s de Aportes No Reembolsables por un monto de m\u00e1s de 3.300 millones de pesos.<\/p>\n\n\n\n<p>PyMEs en G\u00f3ndolas es un programa espec\u00edfico de la Secretar\u00eda de la Peque\u00f1a y Mediana Empresa y los Emprendedores (SEPyME) que tiene entre sus objetivos capacitar a cooperativas y mipymes para mejorar su productividad y dar asistencia t\u00e9cnica, tanto en la<\/p>\n\n\n\n<p>adaptaci\u00f3n al marco normativo de la Ley de G\u00f3ndolas, como en facilitar su incorporaci\u00f3n al registro de proveedores de los supermercados, y en lograr certificaciones de sus productos y<\/p>\n\n\n\n<p>procesos.<\/p>\n\n\n\n<p>El programa incluye la vinculaci\u00f3n de estas empresas con expertos en temas PyME (profesionales con conocimiento del sector, como ingenieros industriales o licenciados en alimentos) y prev\u00e9 destinar $1.500 millones en Aportes No Reembolsables que las pymes. Podr\u00e1n utilizar para desarrollar una marca desde cero, para certificar sus productos, o mejorar el dise\u00f1o de su producci\u00f3n. Adem\u00e1s se destinar\u00e1n otros $1.700 millones para tres l\u00edneas de financiamiento con tasas subsidiadas de hasta el 21% anual.<\/p>\n\n\n\n<p>La Ley de G\u00f3ndolas, impulsada desde la Secretar\u00eda de Comercio Interior, apunta a que todas las empresas tengan un trato equitativo en el espacio que ocupen en las g\u00f3ndolas y establece, entre otras cosas, que haya como m\u00ednimo cinco. proveedores diferentes por cada producto que el 25% de la g\u00f3ndola est\u00e9 ocupada por productos de empresas pymes, cooperativas o mutuales, y que el 5% pertenezca a empresas de la agricultura familiar, campesina o ind\u00edgena o de la econom\u00eda popular.<\/p>\n\n\n\n<p>Con este nuevo programa de la Sepyme, el Ministerio de Desarrollo Productivo le ofrece una asistencia integral a las peque\u00f1as empresas, con financiamiento y capacitaci\u00f3n no solo destinado a que puedan ingresar con sus productos a las g\u00f3ndolas de los supermercados, sino tambi\u00e9n para que puedan sostener el nivel t\u00e9cnico y de producci\u00f3n necesario que les permita consolidarse en el tiempo como proveedores de las grandes cadenas.<\/p>\n\n\n\n<p>La Ley de G\u00f3ndolas tambi\u00e9n busca generar un trato equitativo en el v\u00ednculo comercial entre las cadenas de supermercados y las empresas.<\/p>\n\n\n\n<p>En ese sentido, otorga un m\u00e1ximo de 60 d\u00edas para que los comercios abonen a las micro y peque\u00f1as empresas y de 40 d\u00edas cuando se trate de emprendimiento de la econom\u00eda campesina, agricultura familiar, cooperativas y mutuales.<\/p>\n\n\n\n<p>Adem\u00e1s, determina que no pueden establecerse plazos o modalidades de pago preferenciales, con fines exclusorios o inequitativos entre los distintos proveedores.<\/p>\n\n\n\n<p>Tambi\u00e9n, se exige el trato igualitario en las condiciones en los descuentos, bonificaciones, reposici\u00f3n, transporte, abastecimiento, log\u00edstica y devoluciones.<\/p>\n\n\n\n<p>El anuncio se realizar\u00e1 en la pyme Helados Arti de Quilmes y estar\u00e1 encabezado por el secretario de la Peque\u00f1a y Mediana Empresa y los Emprendedores, Guillermo Merediz; la secretaria de Comercio Interior, Paula Espa\u00f1ol; y el titular de la Unidad de Gabinete de Asesores del Ministerio de Desarrollo Productivo, Alejandro Sehtman.<\/p>\n\n\n\n<p>Tambi\u00e9n participar\u00e1n del evento la intendenta de Quilmes, Mayra Mendoza, y el presidente del Instituto Nacional de Asociativismo y Econom\u00eda Social (Inaes), Alex Roig.<\/p>\n\n\n\n<p>Helados Arti es una pyme ubicada en San Francisco Solano que se dedica a la producci\u00f3n de helados en sus distintas modalidades, cuenta con una flota propia de camiones t\u00e9rmicos y realiza sus ventas de manera mayorista.<\/p>\n","protected":false},"excerpt":{"rendered":"<p>El Ministerio<\/p>\n","protected":false},"author":1,"featured_media":39574,"comment_status":"open","ping_status":"open","sticky":false,"template":"","format":"standard","meta":{"footnotes":""},"categories":[1,4,2],"tags":[],"class_list":["post-4233","post","type-post","status-publish","format-standard","has-post-thumbnail","hentry","category-destacados","category-nacionales","category-quilmes"],"_links":{"self":[{"href":"https:\/\/panoramadelsur.com.ar\/index.php?rest_route=\/wp\/v2\/posts\/4233","targetHints":{"allow":["GET"]}}],"collection":[{"href":"https:\/\/panoramadelsur.com.ar\/index.php?rest_route=\/wp\/v2\/posts"}],"about":[{"href":"https:\/\/panoramadelsur.com.ar\/index.php?rest_route=\/wp\/v2\/types\/post"}],"author":[{"embeddable":true,"href":"https:\/\/panoramadelsur.com.ar\/index.php?rest_route=\/wp\/v2\/users\/1"}],"replies":[{"embeddable":true,"href":"https:\/\/panoramadelsur.com.ar\/index.php?rest_route=%2Fwp%2Fv2%2Fcomments&post=4233"}],"version-history":[{"count":1,"href":"https:\/\/panoramadelsur.com.ar\/index.php?rest_route=\/wp\/v2\/posts\/4233\/revisions"}],"predecessor-version":[{"id":4235,"href":"https:\/\/panoramadelsur.com.ar\/index.php?rest_route=\/wp\/v2\/posts\/4233\/revisions\/4235"}],"wp:featuredmedia":[{"embeddable":true,"href":"https:\/\/panoramadelsur.com.ar\/index.php?rest_route=\/wp\/v2\/media\/39574"}],"wp:attachment":[{"href":"https:\/\/panoramadelsur.com.ar\/index.php?rest_route=%2Fwp%2Fv2%2Fmedia&parent=4233"}],"wp:term":[{"taxonomy":"category","embeddable":true,"href":"https:\/\/panoramadelsur.com.ar\/index.php?rest_route=%2Fwp%2Fv2%2Fcategories&post=4233"},{"taxonomy":"post_tag","embeddable":true,"href":"https:\/\/panoramadelsur.com.ar\/index.php?rest_route=%2Fwp%2Fv2%2Ftags&post=4233"}],"curies":[{"name":"wp","href":"https:\/\/api.w.org\/{rel}","templated":true}]}}