{"id":4262,"date":"2021-05-17T01:01:00","date_gmt":"2021-05-17T04:01:00","guid":{"rendered":"http:\/\/panoramadelsur.com.ar\/?p=4262"},"modified":"2021-05-17T08:52:56","modified_gmt":"2021-05-17T11:52:56","slug":"el-programa-acompanar-llega-a-florencio-varela","status":"publish","type":"post","link":"https:\/\/panoramadelsur.com.ar\/?p=4262","title":{"rendered":"El Programa Acompa\u00f1ar llega a Florencio Varela"},"content":{"rendered":"\n<p>El operativo <em>Acompa\u00f1ar, <\/em>dependiente de ministerio nacional de las Mujeres, G\u00e9neros y Diversidad, se instalar\u00e1 desde este lunes 17 al viernes 21 de mayo, de 10:00 a 15:00 horas, en la plaza San Juan Bautista \u2013frente a la Municipalidad-. En la ocasi\u00f3n, se realizar\u00e1n inscripciones y entrevistas con el equipo Ministerial y de la Direcci\u00f3n de G\u00e9nero municipal.<\/p>\n\n\n\n<p>El Programa <em>Acompa\u00f1ar<\/em> est\u00e1 dirigido a&nbsp;<strong>mujeres y LGBTI+ en situaci\u00f3n de violencia<\/strong><strong> <\/strong><strong>de g\u00e9nero<\/strong>&nbsp;de todo el pa\u00eds, Su objetivo principal<strong> <\/strong><strong>consiste en:<\/strong><strong><\/strong><\/p>\n\n\n\n<p>-Apoyo econ\u00f3mico<strong>: <\/strong>equivalente al Salario M\u00ednimo, Vital y M\u00f3vil por 6 meses consecutivos a mujeres y LGBTI+ que se encuentran en situaci\u00f3n de violencia de g\u00e9nero;<\/p>\n\n\n\n<p>-Acompa\u00f1amiento integral y acceso a dispositivos de fortalecimiento psicosocial para las personas incluidas en el programa, coordinado con los gobiernos provinciales y locales.<\/p>\n\n\n\n<p>Cabe destacar que en el mes de Marzo, el intendente Andr\u00e9s Watson firm\u00f3 un convenio con la ministra nacional de las Mujeres, G\u00e9neros y Diversidad -Elizabeth G\u00f3mez Alcorta- para incorporar a Florencio Varela al Programa Nacional \u201cAcompa\u00f1ar\u201d.<\/p>\n\n\n\n<p>En aquel encuentro, ambos funcionarios coincidieron en que<strong>&nbsp; <\/strong>\u201cla erradicaci\u00f3n de las violencias de g\u00e9nero es una pol\u00edtica de Estado\u201d. Al ser el Municipio la primera barrera de contenci\u00f3n y asistencia, ponderaron el trabajo en conjunto entre la comuna y los Estados Provinciales y Nacionales.<\/p>\n\n\n\n<p>Quienes deseen inscribirse en el Programa, deben tener en cuenta las siguientes incompatibilidades:<\/p>\n\n\n\n<p>-Ingresos por trabajo en relaci\u00f3n de dependencia registrado en el sector p\u00fablico o privado, monotributo y r\u00e9gimen de aut\u00f3nomos (excepto monotributo social).<\/p>\n\n\n\n<p>-Subsidio o prestaci\u00f3n monetaria no reintegrable con fines de empleo y\/o capacitaci\u00f3n otorgada por el Estado nacional (ej. Potenciar).<\/p>\n\n\n\n<p>-Jubilaciones, Pensiones o Retiros de car\u00e1cter contributivo o no contributivo, sean nacionales, provinciales, municipales, o de la Ciudad Aut\u00f3noma de Buenos Aires.<\/p>\n\n\n\n<p>-Pensi\u00f3n Universal para el Adulto Mayor dispuesta por el Decreto N\u00b0 894\/2016.<\/p>\n\n\n\n<p>-Prestaci\u00f3n por desempleo.<\/p>\n","protected":false},"excerpt":{"rendered":"<p>El operativo<\/p>\n","protected":false},"author":1,"featured_media":39574,"comment_status":"open","ping_status":"open","sticky":false,"template":"","format":"standard","meta":{"footnotes":""},"categories":[8,3],"tags":[],"class_list":["post-4262","post","type-post","status-publish","format-standard","has-post-thumbnail","hentry","category-para-agendar","category-regionales"],"_links":{"self":[{"href":"https:\/\/panoramadelsur.com.ar\/index.php?rest_route=\/wp\/v2\/posts\/4262","targetHints":{"allow":["GET"]}}],"collection":[{"href":"https:\/\/panoramadelsur.com.ar\/index.php?rest_route=\/wp\/v2\/posts"}],"about":[{"href":"https:\/\/panoramadelsur.com.ar\/index.php?rest_route=\/wp\/v2\/types\/post"}],"author":[{"embeddable":true,"href":"https:\/\/panoramadelsur.com.ar\/index.php?rest_route=\/wp\/v2\/users\/1"}],"replies":[{"embeddable":true,"href":"https:\/\/panoramadelsur.com.ar\/index.php?rest_route=%2Fwp%2Fv2%2Fcomments&post=4262"}],"version-history":[{"count":1,"href":"https:\/\/panoramadelsur.com.ar\/index.php?rest_route=\/wp\/v2\/posts\/4262\/revisions"}],"predecessor-version":[{"id":4264,"href":"https:\/\/panoramadelsur.com.ar\/index.php?rest_route=\/wp\/v2\/posts\/4262\/revisions\/4264"}],"wp:featuredmedia":[{"embeddable":true,"href":"https:\/\/panoramadelsur.com.ar\/index.php?rest_route=\/wp\/v2\/media\/39574"}],"wp:attachment":[{"href":"https:\/\/panoramadelsur.com.ar\/index.php?rest_route=%2Fwp%2Fv2%2Fmedia&parent=4262"}],"wp:term":[{"taxonomy":"category","embeddable":true,"href":"https:\/\/panoramadelsur.com.ar\/index.php?rest_route=%2Fwp%2Fv2%2Fcategories&post=4262"},{"taxonomy":"post_tag","embeddable":true,"href":"https:\/\/panoramadelsur.com.ar\/index.php?rest_route=%2Fwp%2Fv2%2Ftags&post=4262"}],"curies":[{"name":"wp","href":"https:\/\/api.w.org\/{rel}","templated":true}]}}