{"id":42661,"date":"2023-07-23T01:01:00","date_gmt":"2023-07-23T04:01:00","guid":{"rendered":"https:\/\/panoramadelsur.com.ar\/?p=42661"},"modified":"2023-07-18T20:39:31","modified_gmt":"2023-07-18T23:39:31","slug":"el-estado-atendio-mas-de-24-mil-casos-de-violencia-de-genero-en-los-ultimos-dos-anos-en-el-pais","status":"publish","type":"post","link":"https:\/\/panoramadelsur.com.ar\/?p=42661","title":{"rendered":"EL ESTADO ATENDI\u00d3 M\u00c1S DE 24 MIL CASOS DE VIOLENCIA DE G\u00c9NERO EN LOS \u00daLTIMOS DOS A\u00d1OS EN EL PA\u00cdS"},"content":{"rendered":"\n<p>M\u00e1s de 24 mil casos de violencia de g\u00e9nero se registraron en el pa\u00eds en dos a\u00f1os, seg\u00fan los datos registrados en el Sistema Integrado de casos de Violencia por Motivos de G\u00e9nero (SICVG), los cuales est\u00e1n disponibles para ser consultados de manera abierta, inform\u00f3 esta semana el Ministerio de las Mujeres, G\u00e9neros y Diversidad de la Naci\u00f3n (MMGyD).<\/p>\n\n\n\n<p>La cartera a cargo de Ayel\u00e9n Mazzina public\u00f3 el tablero interactivo que recoge las situaciones de violencia por motivos de g\u00e9nero atendidas en el marco del Programa Acercar Derechos (PAD), que se puede consultar de forma p\u00fablica a trav\u00e9s de tableropad.mingeneros.gob.ar.<\/p>\n\n\n\n<p>\u00abLa informaci\u00f3n recogida permite dise\u00f1ar y monitorear las acciones para prevenir y erradicar las violencias por motivos de g\u00e9nero, adem\u00e1s de mejorar el acompa\u00f1amiento a mujeres y LGBTI+ en situaci\u00f3n de violencia de g\u00e9nero\u00bb, destacaron desde el ministerio en un comunicado.<\/p>\n\n\n\n<p>El tablero cuenta con la informaci\u00f3n diferenciada por provincias y por fecha de la cantidad de personas asistidas, las caracter\u00edsticas principales de las situaciones de violencia y de los agresores, como as\u00ed tambi\u00e9n del nivel de riesgo y las principales acciones realizadas.<\/p>\n\n\n\n<p>El informe precis\u00f3 que entre junio de 2021 y junio de 2023 se atendieron m\u00e1s de 24.000 casos y se realizaron m\u00e1s de 38.800 acciones de asesoramiento y acompa\u00f1amiento.<\/p>\n\n\n\n<p>En el 96,6% de los casos las personas en situaci\u00f3n de violencia de g\u00e9nero fueron mujeres de entre 18 a 59 a\u00f1os y la violencia dom\u00e9stica fue la modalidad m\u00e1s frecuente con el 94,8%, donde en el 79,9% de los casos el agresor fue la ex pareja.<\/p>\n\n\n\n<p>\u00abEl registro y publicaci\u00f3n de informaci\u00f3n sobre las situaciones de violencia por motivos de g\u00e9nero es un paso fundamental para seguir profundizando las pol\u00edticas p\u00fablicas que garantizan comunidades libres de violencias\u00bb, afirmaron desde la cartera.<\/p>\n\n\n\n<p>El Ministerio de las Mujeres, G\u00e9neros y Diversidad de la Naci\u00f3n lanz\u00f3 el 4 de junio de 2021 el Programa Acercar Derechos (PAD) para Personas en Situaci\u00f3n de Violencia de G\u00e9nero.<\/p>\n\n\n\n<p>\u00abEl PAD es una pol\u00edtica p\u00fablica que fortalece el acceso a derechos y al sistema de justicia de mujeres y LGBTI+ en situaci\u00f3n de violencia a trav\u00e9s de acompa\u00f1amiento integral e intercultural en todo el pa\u00eds\u00bb, explicaron desde el organismo, y precisaron que cuenta con 51 equipos interdisciplinarios especializados en todo el pa\u00eds.<\/p>\n\n\n\n<p>Los equipos PAD est\u00e1n integrados por profesionales de la abogac\u00eda, psicolog\u00eda y trabajo social, que brindan acompa\u00f1amiento integral (psicosocial y jur\u00eddico).<\/p>\n\n\n\n<p>Cada vez que ingresa una situaci\u00f3n al programa, las y los profesionales escuchan el relato de la persona, identifican sus demandas y necesidades, el nivel de riesgo del caso, y dise\u00f1an una estrategia de abordaje integral que busca garantizar el acceso a los derechos fundamentales, entre los que se encuentra tambi\u00e9n el acceso a la justicia, y a construir un proyecto de vida libre de violencia, especific\u00f3 el comunicado oficial.<\/p>\n\n\n\n<p>\u00abDesde su creaci\u00f3n, el PAD demostr\u00f3 ser una pol\u00edtica p\u00fablica efectiva para el abordaje de las violencias. Se trata, adem\u00e1s, de la primera experiencia de un programa nacional para el abordaje integral de las violencias con alcance en todo el pa\u00eds. La cantidad de situaciones abordadas en este tiempo da plena cuenta de su necesidad y la enorme demanda que se encontr\u00f3 en cada territorio\u00bb, concluyeron desde el ministerio.<\/p>\n","protected":false},"excerpt":{"rendered":"<p>M\u00e1s de<\/p>\n","protected":false},"author":1,"featured_media":39574,"comment_status":"closed","ping_status":"closed","sticky":false,"template":"","format":"standard","meta":{"footnotes":""},"categories":[10,4],"tags":[59],"class_list":["post-42661","post","type-post","status-publish","format-standard","has-post-thumbnail","hentry","category-mas-noticias","category-nacionales","tag-nacionales"],"_links":{"self":[{"href":"https:\/\/panoramadelsur.com.ar\/index.php?rest_route=\/wp\/v2\/posts\/42661","targetHints":{"allow":["GET"]}}],"collection":[{"href":"https:\/\/panoramadelsur.com.ar\/index.php?rest_route=\/wp\/v2\/posts"}],"about":[{"href":"https:\/\/panoramadelsur.com.ar\/index.php?rest_route=\/wp\/v2\/types\/post"}],"author":[{"embeddable":true,"href":"https:\/\/panoramadelsur.com.ar\/index.php?rest_route=\/wp\/v2\/users\/1"}],"replies":[{"embeddable":true,"href":"https:\/\/panoramadelsur.com.ar\/index.php?rest_route=%2Fwp%2Fv2%2Fcomments&post=42661"}],"version-history":[{"count":1,"href":"https:\/\/panoramadelsur.com.ar\/index.php?rest_route=\/wp\/v2\/posts\/42661\/revisions"}],"predecessor-version":[{"id":42663,"href":"https:\/\/panoramadelsur.com.ar\/index.php?rest_route=\/wp\/v2\/posts\/42661\/revisions\/42663"}],"wp:featuredmedia":[{"embeddable":true,"href":"https:\/\/panoramadelsur.com.ar\/index.php?rest_route=\/wp\/v2\/media\/39574"}],"wp:attachment":[{"href":"https:\/\/panoramadelsur.com.ar\/index.php?rest_route=%2Fwp%2Fv2%2Fmedia&parent=42661"}],"wp:term":[{"taxonomy":"category","embeddable":true,"href":"https:\/\/panoramadelsur.com.ar\/index.php?rest_route=%2Fwp%2Fv2%2Fcategories&post=42661"},{"taxonomy":"post_tag","embeddable":true,"href":"https:\/\/panoramadelsur.com.ar\/index.php?rest_route=%2Fwp%2Fv2%2Ftags&post=42661"}],"curies":[{"name":"wp","href":"https:\/\/api.w.org\/{rel}","templated":true}]}}