{"id":42682,"date":"2023-07-23T01:06:00","date_gmt":"2023-07-23T04:06:00","guid":{"rendered":"https:\/\/panoramadelsur.com.ar\/?p=42682"},"modified":"2023-07-18T21:17:33","modified_gmt":"2023-07-19T00:17:33","slug":"berazateguense-asumio-como-gobernador-del-club-de-leones-distrito-o5","status":"publish","type":"post","link":"https:\/\/panoramadelsur.com.ar\/?p=42682","title":{"rendered":"BERAZATEGUENSE ASUMI\u00d3 COMO GOBERNADOR DEL CLUB DE LEONES DISTRITO O5"},"content":{"rendered":"\n<p><strong>El domingo 16 de julio se llev\u00f3 a cabo el acto de asunci\u00f3n del berazateguense Alberto Gim\u00e9nez como gobernador del distrito O5 del Club de Leones. La ceremonia se llev\u00f3 a cabo en un sal\u00f3n de eventos de El Pato, donde estuvo presente el intendente municipal, Juan Jos\u00e9 Mussi.<\/strong><\/p>\n\n\n\n<p>En su visita, Mussi destac\u00f3: \u201cDesde el Municipio tenemos una excelente relaci\u00f3n con el Club de Leones de Berazategui. Gracias a ese v\u00ednculo, contamos con un Centro Oftalmol\u00f3gico de excelencia. Por eso y porque hoy asume un berazateguense como Alberto, alguien con quien contamos permanentemente, era una obligaci\u00f3n moral para m\u00ed estar hoy aqu\u00ed\u201d.<\/p>\n\n\n\n<p>En el mismo sentido, el Intendente se\u00f1al\u00f3: \u201cNos llena de orgullo que sea el nuevo gobernador. Les pido que sigamos haciendo cosas a favor de la poblaci\u00f3n, porque muchas personas nos necesitan\u201d.<\/p>\n\n\n\n<p>El distrito O5 est\u00e1 conformado por clubes de localidades del AMBA Sur y del interior de la provincia de Buenos Aires, muchos de los cuales tuvieron representaci\u00f3n durante la asunci\u00f3n de Alberto Gim\u00e9nez, quien ser\u00e1 gobernador hasta julio de 2024. Antes de tomar el mando en Berazategui, Gim\u00e9nez particip\u00f3 de la 105\u00b0 Convenci\u00f3n Internacional de Leones, realizada en Boston (Estados Unidos), con la presencia de los nuevos gobernadores de todo el mundo, donde prest\u00f3 juramento ante la nueva presidenta internacional, Patti Hill.<\/p>\n","protected":false},"excerpt":{"rendered":"<p>El domingo<\/p>\n","protected":false},"author":1,"featured_media":39574,"comment_status":"closed","ping_status":"closed","sticky":false,"template":"","format":"standard","meta":{"footnotes":""},"categories":[3],"tags":[40],"class_list":["post-42682","post","type-post","status-publish","format-standard","has-post-thumbnail","hentry","category-regionales","tag-berazategui"],"_links":{"self":[{"href":"https:\/\/panoramadelsur.com.ar\/index.php?rest_route=\/wp\/v2\/posts\/42682","targetHints":{"allow":["GET"]}}],"collection":[{"href":"https:\/\/panoramadelsur.com.ar\/index.php?rest_route=\/wp\/v2\/posts"}],"about":[{"href":"https:\/\/panoramadelsur.com.ar\/index.php?rest_route=\/wp\/v2\/types\/post"}],"author":[{"embeddable":true,"href":"https:\/\/panoramadelsur.com.ar\/index.php?rest_route=\/wp\/v2\/users\/1"}],"replies":[{"embeddable":true,"href":"https:\/\/panoramadelsur.com.ar\/index.php?rest_route=%2Fwp%2Fv2%2Fcomments&post=42682"}],"version-history":[{"count":1,"href":"https:\/\/panoramadelsur.com.ar\/index.php?rest_route=\/wp\/v2\/posts\/42682\/revisions"}],"predecessor-version":[{"id":42684,"href":"https:\/\/panoramadelsur.com.ar\/index.php?rest_route=\/wp\/v2\/posts\/42682\/revisions\/42684"}],"wp:featuredmedia":[{"embeddable":true,"href":"https:\/\/panoramadelsur.com.ar\/index.php?rest_route=\/wp\/v2\/media\/39574"}],"wp:attachment":[{"href":"https:\/\/panoramadelsur.com.ar\/index.php?rest_route=%2Fwp%2Fv2%2Fmedia&parent=42682"}],"wp:term":[{"taxonomy":"category","embeddable":true,"href":"https:\/\/panoramadelsur.com.ar\/index.php?rest_route=%2Fwp%2Fv2%2Fcategories&post=42682"},{"taxonomy":"post_tag","embeddable":true,"href":"https:\/\/panoramadelsur.com.ar\/index.php?rest_route=%2Fwp%2Fv2%2Ftags&post=42682"}],"curies":[{"name":"wp","href":"https:\/\/api.w.org\/{rel}","templated":true}]}}