{"id":42811,"date":"2023-07-24T01:03:00","date_gmt":"2023-07-24T04:03:00","guid":{"rendered":"https:\/\/panoramadelsur.com.ar\/?p=42811"},"modified":"2023-07-22T19:15:48","modified_gmt":"2023-07-22T22:15:48","slug":"mayra-en-la-matera-con-vecinos-y-vecinas-vamos-a-seguir-transformando-cada-barrio","status":"publish","type":"post","link":"https:\/\/panoramadelsur.com.ar\/?p=42811","title":{"rendered":"MAYRA EN LA MATERA CON VECINOS Y VECINAS: \u00abVAMOS A SEGUIR TRANSFORMANDO CADA BARRIO\u00bb"},"content":{"rendered":"\n<p>La intendenta de Quilmes, Mayra Mendoza, recorri\u00f3 el s\u00e1bado el barrio La Matera, de Quilmes Oeste, donde dialog\u00f3 con vecinos y vecinas acerca de la importante cantidad de obras que el Municipio est\u00e1 realizando en el populoso espacio del oeste del distrito y su impacto positivo en el entorno, mejorando su conectividad y acceso, con las 36 nuevas cuadras de pavimentos que se ejecutaron en el lugar.<\/p>\n\n\n\n<p>\u201cRecorrimos La Matera charlando con los vecinos y vecinas de todo lo que hemos hecho desde la gesti\u00f3n, como los pavimentos, las luces LED, y las mejoras generales en el barrio. Y seguiremos avanzando con las tareas porque con Sergio Massa y con Axel Kicillof vamos a seguir transformando cada barrio de Quilmes, para continuar elevando el piso de dignidad de los quilme\u00f1os y quilme\u00f1as\u201d, sostuvo Mayra.<\/p>\n\n\n\n<p>En este marco, los vecinos le agradecieron a la Jefa comunal por todo lo hecho en el barrio. Una de ellas, Karina Falc\u00f3n, que vine all\u00ed hace 24 a\u00f1os, destac\u00f3 las obras de asfalto que se desarrollaron en el lugar: \u201cAntes mi cuadra era toda calle de tierra, y hab\u00eda barro y se inundaba, a m\u00ed me entraba agua en la casa; ahora est\u00e1 todo cambiado: entran las ambulancias, los remises y todo\u201d. Por su parte, Ricardo Vera destac\u00f3: \u201cNoto un cambio total en el barrio en los \u00faltimos a\u00f1os: tanto en las calles, las luces LED, las salitas, el CIC (Centro Integrador Comunitario) que es inmenso; estoy muy agradecido con la Intendenta porque es quien mejor hizo las cosas desde que vivo ac\u00e1\u201d.<\/p>\n\n\n\n<p>Desde el inicio de la gesti\u00f3n, la Comuna llev\u00f3 a cabo en La Matera la pavimentaci\u00f3n de 36 nuevas cuadras de asfalto con cord\u00f3n cuneta y su respectiva obra hidr\u00e1ulica (desag\u00fces) -una obra de conectividad este-oeste que permiti\u00f3 consolidar el centro c\u00edvico-, la instalaci\u00f3n de 570 luminarias con tecnolog\u00eda LED y 8 alarmas comunitarias, y diversas mejoras en los espacios p\u00fablicos (la plaza principal ahora cuenta con luces LED y WIFI gratuito). En la actualidad, cabe agregar, est\u00e1 en ejecuci\u00f3n una obra hidr\u00e1ulica de tres conductos pluviales y una estaci\u00f3n de bombeo.<\/p>\n\n\n\n<p>Adem\u00e1s, se renov\u00f3 por completo el acceso al barrio por la calle 891 (Agust\u00edn Ram\u00edrez); se hicieron a nuevo 5 puentes sobre el arroyo San Francisco y calle 814, 815, 815 bis, 816, 821 y otros 2 puentes pero sobre el arroyo Las Piedras y calle 822.<\/p>\n\n\n\n<p>En materia educativa se est\u00e1 desarrollando la construcci\u00f3n del nuevo edificio para la escuela secundaria del barrio, que estar\u00e1 ubicada en la manzana de calles 816, 889, 815 y 890, y se concret\u00f3 la instalaci\u00f3n del suministro de gas en Escuela de Educaci\u00f3n Primara N\u00ba 87 (desde 2008 que no ten\u00edan el servicio), adem\u00e1s de reformas edilicias y de sanitarios. A su vez, en el Jard\u00edn de Infantes N\u00ba 962 se pusieron en valor diversos espacios y se efectuaron reparaciones, adem\u00e1s de la nueva instalaci\u00f3n el\u00e9ctrica.<\/p>\n\n\n\n<p>En esta l\u00ednea, Mayra reiter\u00f3 los proyectos para los pr\u00f3ximos cuatro a\u00f1os, como mil cuadras m\u00e1s de pavimento, el nuevo Hospital, los nuevos edificios educativos, la nueva bajada de Ezpeleta, otros 2 nuevos polideportivos y m\u00e1s obras en arroyos.<\/p>\n\n\n\n<p>Participaron de la recorrida la secretaria de Desarrollo Urbano y Obra P\u00fablica, Ceci Soler; su par de Gesti\u00f3n Integral de Residuos S\u00f3lidos Urbanos (GIRSU), Roberto Gaudio; el concejal Ezequiel Arauz; el defensor del Pueblo Adjunto de la provincia de Buenos Aires, \u00c1ngel Garc\u00eda, y la delegada local de la Defensor\u00eda del Pueblo provincial, Eva Torres.<\/p>\n","protected":false},"excerpt":{"rendered":"<p>La intendenta<\/p>\n","protected":false},"author":1,"featured_media":39574,"comment_status":"closed","ping_status":"closed","sticky":false,"template":"","format":"standard","meta":{"footnotes":""},"categories":[1,2],"tags":[35,17],"class_list":["post-42811","post","type-post","status-publish","format-standard","has-post-thumbnail","hentry","category-destacados","category-quilmes","tag-municipio-de-quilmes","tag-quilmes"],"_links":{"self":[{"href":"https:\/\/panoramadelsur.com.ar\/index.php?rest_route=\/wp\/v2\/posts\/42811","targetHints":{"allow":["GET"]}}],"collection":[{"href":"https:\/\/panoramadelsur.com.ar\/index.php?rest_route=\/wp\/v2\/posts"}],"about":[{"href":"https:\/\/panoramadelsur.com.ar\/index.php?rest_route=\/wp\/v2\/types\/post"}],"author":[{"embeddable":true,"href":"https:\/\/panoramadelsur.com.ar\/index.php?rest_route=\/wp\/v2\/users\/1"}],"replies":[{"embeddable":true,"href":"https:\/\/panoramadelsur.com.ar\/index.php?rest_route=%2Fwp%2Fv2%2Fcomments&post=42811"}],"version-history":[{"count":1,"href":"https:\/\/panoramadelsur.com.ar\/index.php?rest_route=\/wp\/v2\/posts\/42811\/revisions"}],"predecessor-version":[{"id":42813,"href":"https:\/\/panoramadelsur.com.ar\/index.php?rest_route=\/wp\/v2\/posts\/42811\/revisions\/42813"}],"wp:featuredmedia":[{"embeddable":true,"href":"https:\/\/panoramadelsur.com.ar\/index.php?rest_route=\/wp\/v2\/media\/39574"}],"wp:attachment":[{"href":"https:\/\/panoramadelsur.com.ar\/index.php?rest_route=%2Fwp%2Fv2%2Fmedia&parent=42811"}],"wp:term":[{"taxonomy":"category","embeddable":true,"href":"https:\/\/panoramadelsur.com.ar\/index.php?rest_route=%2Fwp%2Fv2%2Fcategories&post=42811"},{"taxonomy":"post_tag","embeddable":true,"href":"https:\/\/panoramadelsur.com.ar\/index.php?rest_route=%2Fwp%2Fv2%2Ftags&post=42811"}],"curies":[{"name":"wp","href":"https:\/\/api.w.org\/{rel}","templated":true}]}}