{"id":42841,"date":"2023-07-24T01:02:00","date_gmt":"2023-07-24T04:02:00","guid":{"rendered":"https:\/\/panoramadelsur.com.ar\/?p=42841"},"modified":"2023-07-22T20:58:11","modified_gmt":"2023-07-22T23:58:11","slug":"los-metrodelegados-volveran-a-paralizar-todas-las-lineas-de-subte-el-miercoles-de-13-a-16","status":"publish","type":"post","link":"https:\/\/panoramadelsur.com.ar\/?p=42841","title":{"rendered":"LOS METRODELEGADOS VOLVER\u00c1N A PARALIZAR TODAS LAS L\u00cdNEAS DE SUBTE EL MI\u00c9RCOLES DE 13 A 16"},"content":{"rendered":"\n<p>La Asociaci\u00f3n Gremial de Trabajadores del Subte y Premetro (AGTSyP) anunci\u00f3 que el mi\u00e9rcoles realizaran apertura de molinetes y luego paralizaran por tres horas, entre las 13 y las 16, el servicio de todas las l\u00edneas y el premetro, en reclamo de la reducci\u00f3n de la jornada laboral con dos francos y por un \u00absubte libre de asbesto\u00bb.<\/p>\n\n\n\n<p>Seg\u00fan se inform\u00f3 en un comunicado, las medidas de protesta consistir\u00e1n en aperturas de molinete de 12 a 13 en las estaciones San Pedrito de la A, Rosas de la B, Constituci\u00f3n de la C, Congreso de Tucum\u00e1n de la D, Facultad de Derecho de la H y Virreyes de la E; y luego de 13 a 16 interrupci\u00f3n total de todas las l\u00edneas de Subte y premetro.<\/p>\n\n\n\n<p>Adem\u00e1s, los trabajadores agregaron que \u00aben el transcurso de los \u00faltimos 5 a\u00f1os\u00bb hicieron \u00abtodo lo humanamente posible\u00bb para que el gobierno de la Ciudad y la empresa Emova solucionaran la crisis sanitaria provocada por la presencia del asbesto.<\/p>\n\n\n\n<p>El comunicado lleva la firma del secretario general de la asociaci\u00f3n, Roberto Pianelli y del secretario adjunto N\u00e9stor Segovia.<\/p>\n\n\n\n<p>\u00abHemos hecho todo lo humanamente posible para que solucionaran la crisis sanitaria provocada por la presencia de asbesto cancer\u00edgeno y para que dejen de poner en riesgo la vida de millones de usuarios y trabajadores del subte, sin obtener a\u00fan respuesta, al contrario han cerrado todos los canales de dialogo\u00bb, afirmaron desde la agrupaci\u00f3n.<\/p>\n\n\n\n<p>Por esto, desde AGTSyP indicaron que se ven \u00abobligados\u00bb a realizar medidas que afectan al servicio y alertaron que de no tener avances en relaci\u00f3n a las exigencias de desasbestizaci\u00f3n y la reducci\u00f3n de la jornada laboral \u00abprofundizar\u00e1n las medidas en los pr\u00f3ximos d\u00edas\u00bb.<\/p>\n\n\n\n<p>\u00abDe m\u00e1s esta decir que los responsables de esta situaci\u00f3n son la empresa concesionaria del servicio (Emova) y el Gobierno de la Ciudad que intentan desconocer la gravedad de la crisis provocada por un mineral nocivo prohibido desde 2003 y que no han retirado del \u00e1mbito del subterr\u00e1neo de Bs. As\u00bb, se\u00f1alaron.<\/p>\n\n\n\n<p>Desde la organizaci\u00f3n llamaron al p\u00fablico a \u00abexigir junto a los trabajadores una soluci\u00f3n inmediata\u00bb a \u00abun verdadero ataque a la salud p\u00fablica\u00bb. <\/p>\n","protected":false},"excerpt":{"rendered":"<p>La Asociaci\u00f3n<\/p>\n","protected":false},"author":1,"featured_media":39574,"comment_status":"closed","ping_status":"closed","sticky":false,"template":"","format":"standard","meta":{"footnotes":""},"categories":[4,8],"tags":[453],"class_list":["post-42841","post","type-post","status-publish","format-standard","has-post-thumbnail","hentry","category-nacionales","category-para-agendar","tag-caba"],"_links":{"self":[{"href":"https:\/\/panoramadelsur.com.ar\/index.php?rest_route=\/wp\/v2\/posts\/42841","targetHints":{"allow":["GET"]}}],"collection":[{"href":"https:\/\/panoramadelsur.com.ar\/index.php?rest_route=\/wp\/v2\/posts"}],"about":[{"href":"https:\/\/panoramadelsur.com.ar\/index.php?rest_route=\/wp\/v2\/types\/post"}],"author":[{"embeddable":true,"href":"https:\/\/panoramadelsur.com.ar\/index.php?rest_route=\/wp\/v2\/users\/1"}],"replies":[{"embeddable":true,"href":"https:\/\/panoramadelsur.com.ar\/index.php?rest_route=%2Fwp%2Fv2%2Fcomments&post=42841"}],"version-history":[{"count":1,"href":"https:\/\/panoramadelsur.com.ar\/index.php?rest_route=\/wp\/v2\/posts\/42841\/revisions"}],"predecessor-version":[{"id":42842,"href":"https:\/\/panoramadelsur.com.ar\/index.php?rest_route=\/wp\/v2\/posts\/42841\/revisions\/42842"}],"wp:featuredmedia":[{"embeddable":true,"href":"https:\/\/panoramadelsur.com.ar\/index.php?rest_route=\/wp\/v2\/media\/39574"}],"wp:attachment":[{"href":"https:\/\/panoramadelsur.com.ar\/index.php?rest_route=%2Fwp%2Fv2%2Fmedia&parent=42841"}],"wp:term":[{"taxonomy":"category","embeddable":true,"href":"https:\/\/panoramadelsur.com.ar\/index.php?rest_route=%2Fwp%2Fv2%2Fcategories&post=42841"},{"taxonomy":"post_tag","embeddable":true,"href":"https:\/\/panoramadelsur.com.ar\/index.php?rest_route=%2Fwp%2Fv2%2Ftags&post=42841"}],"curies":[{"name":"wp","href":"https:\/\/api.w.org\/{rel}","templated":true}]}}