{"id":42882,"date":"2023-07-24T01:03:00","date_gmt":"2023-07-24T04:03:00","guid":{"rendered":"https:\/\/panoramadelsur.com.ar\/?p=42882"},"modified":"2023-07-22T23:40:24","modified_gmt":"2023-07-23T02:40:24","slug":"operativos-de-asesoramiento-integral-en-santa-ines-y-las-margaritas","status":"publish","type":"post","link":"https:\/\/panoramadelsur.com.ar\/?p=42882","title":{"rendered":"OPERATIVOS DE ASESORAMIENTO INTEGRAL EN SANTA IN\u00c9S Y LAS MARGARITAS"},"content":{"rendered":"\n<p>La Comuna de Florencio Varela coordina dispositivos territoriales multidisciplinarios e itinerantes entre diversas dependencias municipales y federales para la pr\u00f3xima semana, de 10 a 14 hs., en distintos barrios:<\/p>\n\n\n\n<p>El mi\u00e9rcoles 26 de julio, sobre calle Los Olivos, entre El Mirlo y El Hornero, Santa In\u00e9s.<\/p>\n\n\n\n<p>El viernes 28 de julio, en calle 937 D esquina Rinc\u00f3n, Las Margaritas.<\/p>\n\n\n\n<p>Las jornadas incluyen prestaciones de Ventanilla \u00danica, Defensa del Consumidor, programas \u00abHuertas\u00bb, \u00abMas Vida\u00bb, \u00abEnvi\u00f3n\u00bb, atenci\u00f3n sobre documentaci\u00f3n, discapacidad, tercera edad, g\u00e9nero, empleo, FINES, PAMI, RENAPER, ANSES, tramitaci\u00f3n de Tarjeta SUBE, becas socioeducativas, llenado de libretas, vacunaci\u00f3n antirr\u00e1bica, desparasitaci\u00f3n de mascotas, aplicaci\u00f3n de dosis del Calendario Nacional, entre otros servicios.<\/p>\n\n\n\n<p>\u201cUna iniciativa que desplegamos como un circuito donde realizar m\u00faltiples gestiones mediante la articulaci\u00f3n inter-\u00e1reas del Ejecutivo local tras la indicaci\u00f3n de nuestro intendente Andr\u00e9s Watson: estar cerca de la ciudadan\u00eda, identificar la necesidad y proporcionar una respuesta\u201d, explica la subsecretaria de Gobierno, Sandra Jim\u00e9nez.<\/p>\n","protected":false},"excerpt":{"rendered":"<p>La Comuna<\/p>\n","protected":false},"author":1,"featured_media":39574,"comment_status":"closed","ping_status":"closed","sticky":false,"template":"","format":"standard","meta":{"footnotes":""},"categories":[8,3],"tags":[30],"class_list":["post-42882","post","type-post","status-publish","format-standard","has-post-thumbnail","hentry","category-para-agendar","category-regionales","tag-varela"],"_links":{"self":[{"href":"https:\/\/panoramadelsur.com.ar\/index.php?rest_route=\/wp\/v2\/posts\/42882","targetHints":{"allow":["GET"]}}],"collection":[{"href":"https:\/\/panoramadelsur.com.ar\/index.php?rest_route=\/wp\/v2\/posts"}],"about":[{"href":"https:\/\/panoramadelsur.com.ar\/index.php?rest_route=\/wp\/v2\/types\/post"}],"author":[{"embeddable":true,"href":"https:\/\/panoramadelsur.com.ar\/index.php?rest_route=\/wp\/v2\/users\/1"}],"replies":[{"embeddable":true,"href":"https:\/\/panoramadelsur.com.ar\/index.php?rest_route=%2Fwp%2Fv2%2Fcomments&post=42882"}],"version-history":[{"count":1,"href":"https:\/\/panoramadelsur.com.ar\/index.php?rest_route=\/wp\/v2\/posts\/42882\/revisions"}],"predecessor-version":[{"id":42884,"href":"https:\/\/panoramadelsur.com.ar\/index.php?rest_route=\/wp\/v2\/posts\/42882\/revisions\/42884"}],"wp:featuredmedia":[{"embeddable":true,"href":"https:\/\/panoramadelsur.com.ar\/index.php?rest_route=\/wp\/v2\/media\/39574"}],"wp:attachment":[{"href":"https:\/\/panoramadelsur.com.ar\/index.php?rest_route=%2Fwp%2Fv2%2Fmedia&parent=42882"}],"wp:term":[{"taxonomy":"category","embeddable":true,"href":"https:\/\/panoramadelsur.com.ar\/index.php?rest_route=%2Fwp%2Fv2%2Fcategories&post=42882"},{"taxonomy":"post_tag","embeddable":true,"href":"https:\/\/panoramadelsur.com.ar\/index.php?rest_route=%2Fwp%2Fv2%2Ftags&post=42882"}],"curies":[{"name":"wp","href":"https:\/\/api.w.org\/{rel}","templated":true}]}}