{"id":4290,"date":"2021-05-18T01:05:00","date_gmt":"2021-05-18T04:05:00","guid":{"rendered":"http:\/\/panoramadelsur.com.ar\/?p=4290"},"modified":"2021-05-17T12:34:48","modified_gmt":"2021-05-17T15:34:48","slug":"kreplak-optimista-por-llegada-de-vacunas-pero-advirtio-que-mientras-hay-que-reducir-la-circulacion","status":"publish","type":"post","link":"https:\/\/panoramadelsur.com.ar\/?p=4290","title":{"rendered":"Kreplak optimista por llegada de vacunas pero advirti\u00f3 que mientras hay que \u00abreducir la circulaci\u00f3n\u00bb"},"content":{"rendered":"\n<p>El viceministro de Salud de la provincia de Buenos Aires, Nicol\u00e1s Kreplak, se mostr\u00f3 optimista respecto a la llegada de vacunas contra el coronavirus previstas para los pr\u00f3ximos d\u00edas y dijo que prometen avanzar en la campa\u00f1a de vacunaci\u00f3n como para lograr la inmunizaci\u00f3n de la poblaci\u00f3n en niveles que permitan bajar el nivel de contagiosidad del virus para \u00abfinales del mes pr\u00f3ximo\u00bb, pero advirti\u00f3 que mientras tanto es imperioso \u00abreducir la circulaci\u00f3n\u00bb de personas para disminuir los contagios.<\/p>\n\n\n\n<p>\u00abAhora pareciera haber una perspectiva por delante en la que si uno recibe las millones de vacunas que tenemos previstas por AstraZeneca en los pr\u00f3ximos d\u00edas, m\u00e1s lo que llega de Sputnik, m\u00e1s las tres semanas entre que se aplican y empieza a producir inmunidad es probable que uno est\u00e9 hablando que para finales del mes pr\u00f3ximo las condiciones de contagiosidad en nuestro pa\u00eds sean distintas\u00bb, dijo el funcionario a Radio Con Vos.<\/p>\n\n\n\n<p>Sin embargo, volviendo a lo que sucede hoy, expres\u00f3 su preocupaci\u00f3n por la circulaci\u00f3n de personas que aumenta y que est\u00e1 generando un incremento de contagios \u00aben el interior del distrito y en el conurbano\u00bb.<\/p>\n\n\n\n<p>\u00abLamentablemente estamos viendo un aumento de los casos, hay un incremento respecto a la semana anterior, especialmente en el interior, pero tambi\u00e9n en el conurbano\u00bb, afirm\u00f3 Kreplak.<\/p>\n\n\n\n<p>Agreg\u00f3 que esta situaci\u00f3n est\u00e1 generando que en el interior de la provincia \u00abse encuentran con una cantidad de casos muy grande\u00bb, con un nivel de \u00absaturaci\u00f3n\u00bb en el que ya \u00abes dif\u00edcil atender pacientes\u00bb.<\/p>\n\n\n\n<p>De hecho, plante\u00f3 que \u00abest\u00e1n llegando algunos pedidos de derivaci\u00f3n interprovincial porque no hay capacidad de atenci\u00f3n en esas jurisdicciones\u00bb.<\/p>\n\n\n\n<p>\u00abYo creo que las medidas que se tomaron fueron eficaces para cortar el ascenso muy potente que se ve\u00eda cuando empez\u00f3 la segunda ola, pero con el pasar del tiempo quiz\u00e1s hay un poco menos de apego a las medidas y eso impide reducir la cantidad de casos y a retomar la suba\u00bb, afirm\u00f3.<\/p>\n\n\n\n<p>Kreplak insisti\u00f3 en este contexto en que \u00ablo importante es reducir la circulaci\u00f3n\u00bb porque \u00abmientras m\u00e1s se reduzca la circulaci\u00f3n, m\u00e1s se van a reducir los contagios\u00bb.<\/p>\n\n\n\n<p>\u00ab\u00bfC\u00f3mo lo hacemos? \u00bfCon cu\u00e1les medidas de restricci\u00f3n? Depende del consenso que logramos entre todos y del aspecto econ\u00f3mico, porque cualquier actividad que uno tenga que cerrar para reducir la circulaci\u00f3n necesita reemplazarlo econ\u00f3micamente de otra manera\u00bb, asever\u00f3<\/p>\n\n\n\n<p>El funcionario sostuvo que \u00abcomo se ha visto en todo el mundo, si uno logra hacer un cierre muy fuerte, total, estos cierres pueden ser m\u00e1s acotados y luego empezar a liberar en la medida que bajan los casos\u00bb, pero asumi\u00f3 que \u00absi los cierres son parciales, la eficacia y las medidas tienen un resultado parcial, tiene menos impacto social y econ\u00f3mico, pero la eficacia es menor y en general se prolongan m\u00e1s en el tiempo\u00bb.<\/p>\n\n\n\n<p>Al ser consultado si la soluci\u00f3n ser\u00eda un cierre total y con ayuda econ\u00f3mica a los sectores m\u00e1s vulnerables, asever\u00f3 que \u00abdesde el punto de vista sanitario lo m\u00e1s probable que s\u00ed, claro que hay otras cosas y nosotros tenemos que plantear este aspecto\u00bb.<\/p>\n\n\n\n<p>\u00abPero en esta cantidad de casos que encontramos ahora, con un nivel de ocupaci\u00f3n de las camas de terapia intensiva tan alto, que en muchos lugares est\u00e1n necesitando derivar pacientes, si uno logra contener con un cierre fuerte en las pr\u00f3ximas semanas, podr\u00edamos estar en mejores condiciones\u00bb, asever\u00f3.<\/p>\n","protected":false},"excerpt":{"rendered":"<p>El viceministro<\/p>\n","protected":false},"author":1,"featured_media":39574,"comment_status":"open","ping_status":"open","sticky":false,"template":"","format":"standard","meta":{"footnotes":""},"categories":[5],"tags":[],"class_list":["post-4290","post","type-post","status-publish","format-standard","has-post-thumbnail","hentry","category-provincia"],"_links":{"self":[{"href":"https:\/\/panoramadelsur.com.ar\/index.php?rest_route=\/wp\/v2\/posts\/4290","targetHints":{"allow":["GET"]}}],"collection":[{"href":"https:\/\/panoramadelsur.com.ar\/index.php?rest_route=\/wp\/v2\/posts"}],"about":[{"href":"https:\/\/panoramadelsur.com.ar\/index.php?rest_route=\/wp\/v2\/types\/post"}],"author":[{"embeddable":true,"href":"https:\/\/panoramadelsur.com.ar\/index.php?rest_route=\/wp\/v2\/users\/1"}],"replies":[{"embeddable":true,"href":"https:\/\/panoramadelsur.com.ar\/index.php?rest_route=%2Fwp%2Fv2%2Fcomments&post=4290"}],"version-history":[{"count":1,"href":"https:\/\/panoramadelsur.com.ar\/index.php?rest_route=\/wp\/v2\/posts\/4290\/revisions"}],"predecessor-version":[{"id":4291,"href":"https:\/\/panoramadelsur.com.ar\/index.php?rest_route=\/wp\/v2\/posts\/4290\/revisions\/4291"}],"wp:featuredmedia":[{"embeddable":true,"href":"https:\/\/panoramadelsur.com.ar\/index.php?rest_route=\/wp\/v2\/media\/39574"}],"wp:attachment":[{"href":"https:\/\/panoramadelsur.com.ar\/index.php?rest_route=%2Fwp%2Fv2%2Fmedia&parent=4290"}],"wp:term":[{"taxonomy":"category","embeddable":true,"href":"https:\/\/panoramadelsur.com.ar\/index.php?rest_route=%2Fwp%2Fv2%2Fcategories&post=4290"},{"taxonomy":"post_tag","embeddable":true,"href":"https:\/\/panoramadelsur.com.ar\/index.php?rest_route=%2Fwp%2Fv2%2Ftags&post=4290"}],"curies":[{"name":"wp","href":"https:\/\/api.w.org\/{rel}","templated":true}]}}