{"id":42920,"date":"2023-07-24T01:02:00","date_gmt":"2023-07-24T04:02:00","guid":{"rendered":"https:\/\/panoramadelsur.com.ar\/?p=42920"},"modified":"2023-07-24T00:37:20","modified_gmt":"2023-07-24T03:37:20","slug":"actividad-de-pymes-industriales-subio-12-en-primer-semestre-a-pesar-de-haber-caido-06-en-junio","status":"publish","type":"post","link":"https:\/\/panoramadelsur.com.ar\/?p=42920","title":{"rendered":"ACTIVIDAD DE PYMES INDUSTRIALES SUBI\u00d3 1,2% EN PRIMER SEMESTRE, A PESAR DE HABER CA\u00cdDO 0,6% EN JUNIO"},"content":{"rendered":"\n<p>La producci\u00f3n de la industria manufacturera pyme cerr\u00f3 el primer semestre del a\u00f1o con una suba acumulada de 1,2%, a pesar de que en junio el nivel de actividad marcara un retroceso de 0,6% interanual, seg\u00fan un relevamiento realizado por la Confederaci\u00f3n Argentina de la Mediana Empresa (CAME).<\/p>\n\n\n\n<p>Los resultados surgen del \u00cdndice de Producci\u00f3n Industrial Pyme (IPIP) que elabora CAME, en la que participaron 404 peque\u00f1as y medianas empresas fabriles de todo el pa\u00eds.<\/p>\n\n\n\n<p>\u00abContin\u00faa una tendencia que comenz\u00f3 en diciembre \u00faltimo, pero la industria aun as\u00ed pudo cerrar el primer semestre del a\u00f1o con un crecimiento de 1,2% en comparaci\u00f3n con igual periodo del a\u00f1o pasado\u201d, se\u00f1al\u00f3 la entidad empresaria en un comunicado.<\/p>\n\n\n\n<p>Desde CAME argumentaron que \u201cel poder de compra del ingreso personal se ha debilitado, lo que significa que los consumidores tienen menos dinero para gastar\u201d.<\/p>\n\n\n\n<p>A esto se suma \u201cun fen\u00f3meno que ocurre en algunas ramas industriales (que) es la sobreacumulaci\u00f3n de stocks de insumos por temor a que su desabastecimiento genere gastos extraordinarios adem\u00e1s de costos log\u00edsticos, provocando no s\u00f3lo una menor liquidez financiera, sino una postergaci\u00f3n de inversiones en maquinarias o reparaciones\u201d, agreg\u00f3 el informe de CAME.<\/p>\n\n\n\n<p>Por sectores, la mejor performance de junio correspondi\u00f3 al rubro \u201cAlimentos y bebidas\u201d que marc\u00f3 un crecimiento anual de 5,3% en su producci\u00f3n, mientras que la peor se dio en \u201cPapel e Impresiones\u201d, que registr\u00f3 una ca\u00edda interanual de 23,3% anual.<\/p>\n\n\n\n<p>De esta manera, en el rubro de Alimentos y bebidas, la producci\u00f3n subi\u00f3 5,3% anual en junio a precios reales, y acumul\u00f3 un crecimiento de 5,4% en el primer semestre frente al mismo per\u00edodo de 2022, y en la comparaci\u00f3n mensual no mostr\u00f3 cambios.<\/p>\n\n\n\n<p>En cambio, Papeles e impresiones, registr\u00f3 un declive anual de 23,3% a precios reales, una baja de 10,1% mensual, y acumul\u00f3 un descenso de 13,4% en el primer semestre frente al mismo per\u00edodo del a\u00f1o previo. <\/p>\n","protected":false},"excerpt":{"rendered":"<p>La producci\u00f3n<\/p>\n","protected":false},"author":1,"featured_media":39574,"comment_status":"closed","ping_status":"closed","sticky":false,"template":"","format":"standard","meta":{"footnotes":""},"categories":[1,4],"tags":[96,59,97],"class_list":["post-42920","post","type-post","status-publish","format-standard","has-post-thumbnail","hentry","category-destacados","category-nacionales","tag-came","tag-nacionales","tag-pymes"],"_links":{"self":[{"href":"https:\/\/panoramadelsur.com.ar\/index.php?rest_route=\/wp\/v2\/posts\/42920","targetHints":{"allow":["GET"]}}],"collection":[{"href":"https:\/\/panoramadelsur.com.ar\/index.php?rest_route=\/wp\/v2\/posts"}],"about":[{"href":"https:\/\/panoramadelsur.com.ar\/index.php?rest_route=\/wp\/v2\/types\/post"}],"author":[{"embeddable":true,"href":"https:\/\/panoramadelsur.com.ar\/index.php?rest_route=\/wp\/v2\/users\/1"}],"replies":[{"embeddable":true,"href":"https:\/\/panoramadelsur.com.ar\/index.php?rest_route=%2Fwp%2Fv2%2Fcomments&post=42920"}],"version-history":[{"count":1,"href":"https:\/\/panoramadelsur.com.ar\/index.php?rest_route=\/wp\/v2\/posts\/42920\/revisions"}],"predecessor-version":[{"id":42922,"href":"https:\/\/panoramadelsur.com.ar\/index.php?rest_route=\/wp\/v2\/posts\/42920\/revisions\/42922"}],"wp:featuredmedia":[{"embeddable":true,"href":"https:\/\/panoramadelsur.com.ar\/index.php?rest_route=\/wp\/v2\/media\/39574"}],"wp:attachment":[{"href":"https:\/\/panoramadelsur.com.ar\/index.php?rest_route=%2Fwp%2Fv2%2Fmedia&parent=42920"}],"wp:term":[{"taxonomy":"category","embeddable":true,"href":"https:\/\/panoramadelsur.com.ar\/index.php?rest_route=%2Fwp%2Fv2%2Fcategories&post=42920"},{"taxonomy":"post_tag","embeddable":true,"href":"https:\/\/panoramadelsur.com.ar\/index.php?rest_route=%2Fwp%2Fv2%2Ftags&post=42920"}],"curies":[{"name":"wp","href":"https:\/\/api.w.org\/{rel}","templated":true}]}}