{"id":42936,"date":"2023-07-24T01:00:00","date_gmt":"2023-07-24T04:00:00","guid":{"rendered":"https:\/\/panoramadelsur.com.ar\/?p=42936"},"modified":"2023-07-23T22:05:54","modified_gmt":"2023-07-24T01:05:54","slug":"este-lunes-pagan-jubilaciones-y-pensiones-con-ingresos-superiores-a-70-938-y-dni-finalizado-en-1-y-2","status":"publish","type":"post","link":"https:\/\/panoramadelsur.com.ar\/?p=42936","title":{"rendered":"ESTE LUNES PAGAN JUBILACIONES Y PENSIONES CON INGRESOS SUPERIORES A $ 70.938 Y DNI FINALIZADO EN 1 Y 2"},"content":{"rendered":"\n<p>Los jubilados y pensionados con DNI finalizado en 1 y 2 y cuyos haberes superen los $ 70.938 podr\u00e1n cobrar este lunes en las sucursales bancarias correspondientes o a trav\u00e9s de sus tarjetas de d\u00e9bito, inform\u00f3 la Administraci\u00f3n Nacional de Seguridad Social (ANSES).<\/p>\n\n\n\n<p>En julio las jubilaciones y pensiones m\u00ednimas cobrar\u00e1n un refuerzo de $17.000, por lo que percibir\u00e1n $87.938.<\/p>\n\n\n\n<p>El refuerzo de las m\u00ednimas es el segundo de los tres otorgados para los meses de junio ($15.000), julio ($17.000) y agosto ($20.000) y va decreciendo hasta los $5.000 para quienes cobran hasta dos jubilaciones m\u00ednimas.<\/p>\n\n\n\n<p>Tambi\u00e9n cobran los adheridos a la prestaci\u00f3n por Desempleo Plan 1 con DNI terminado en 0 y 1.<\/p>\n\n\n\n<p>Adem\u00e1s, contin\u00faa el abono de las Asignaciones de Pago \u00danico como Matrimonio, Adopci\u00f3n y Nacimiento para todas las terminaciones de documento hasta el 10 de agosto.<\/p>\n\n\n\n<p>Por otra parte, sigue el pago de las Asignaciones Familiares de Pensiones No Contributivas para todas las terminaciones de DNI hasta el 10 de agosto pr\u00f3ximo. <\/p>\n","protected":false},"excerpt":{"rendered":"<p>Los jubilados<\/p>\n","protected":false},"author":1,"featured_media":39574,"comment_status":"closed","ping_status":"closed","sticky":false,"template":"","format":"standard","meta":{"footnotes":""},"categories":[4,8],"tags":[20,59],"class_list":["post-42936","post","type-post","status-publish","format-standard","has-post-thumbnail","hentry","category-nacionales","category-para-agendar","tag-anses","tag-nacionales"],"_links":{"self":[{"href":"https:\/\/panoramadelsur.com.ar\/index.php?rest_route=\/wp\/v2\/posts\/42936","targetHints":{"allow":["GET"]}}],"collection":[{"href":"https:\/\/panoramadelsur.com.ar\/index.php?rest_route=\/wp\/v2\/posts"}],"about":[{"href":"https:\/\/panoramadelsur.com.ar\/index.php?rest_route=\/wp\/v2\/types\/post"}],"author":[{"embeddable":true,"href":"https:\/\/panoramadelsur.com.ar\/index.php?rest_route=\/wp\/v2\/users\/1"}],"replies":[{"embeddable":true,"href":"https:\/\/panoramadelsur.com.ar\/index.php?rest_route=%2Fwp%2Fv2%2Fcomments&post=42936"}],"version-history":[{"count":1,"href":"https:\/\/panoramadelsur.com.ar\/index.php?rest_route=\/wp\/v2\/posts\/42936\/revisions"}],"predecessor-version":[{"id":42937,"href":"https:\/\/panoramadelsur.com.ar\/index.php?rest_route=\/wp\/v2\/posts\/42936\/revisions\/42937"}],"wp:featuredmedia":[{"embeddable":true,"href":"https:\/\/panoramadelsur.com.ar\/index.php?rest_route=\/wp\/v2\/media\/39574"}],"wp:attachment":[{"href":"https:\/\/panoramadelsur.com.ar\/index.php?rest_route=%2Fwp%2Fv2%2Fmedia&parent=42936"}],"wp:term":[{"taxonomy":"category","embeddable":true,"href":"https:\/\/panoramadelsur.com.ar\/index.php?rest_route=%2Fwp%2Fv2%2Fcategories&post=42936"},{"taxonomy":"post_tag","embeddable":true,"href":"https:\/\/panoramadelsur.com.ar\/index.php?rest_route=%2Fwp%2Fv2%2Ftags&post=42936"}],"curies":[{"name":"wp","href":"https:\/\/api.w.org\/{rel}","templated":true}]}}