{"id":42968,"date":"2023-07-24T01:01:00","date_gmt":"2023-07-24T04:01:00","guid":{"rendered":"https:\/\/panoramadelsur.com.ar\/?p=42968"},"modified":"2023-07-24T00:41:19","modified_gmt":"2023-07-24T03:41:19","slug":"asesinaron-a-un-joven-de-una-punalada-para-robarle-una-mochila-en-wilde","status":"publish","type":"post","link":"https:\/\/panoramadelsur.com.ar\/?p=42968","title":{"rendered":"ASESINARON A UN JOVEN DE UNA PU\u00d1ALADA PARA ROBARLE UNA MOCHILA EN WILDE"},"content":{"rendered":"\n<p>Un joven 20 a\u00f1os fue asesinado de una pu\u00f1alada en el pecho&nbsp;al resistirse al robo de sus pertenencias cuando se dirig\u00eda a reunirse con amigos en la localidad bonaerense de Wilde, partido bonaerense de Avellaneda, y por el crimen buscan a dos sospechosos, informaron fuentes policiales y judiciales.<\/p>\n\n\n\n<p>El hecho, dado a conocer el fin de semana,&nbsp;ocurri\u00f3 el jueves \u00faltimo, alrededor de las 21, en la esquina de Cangallo y De la Pe\u00f1a, en el citado distrito del sur del conurbano.<\/p>\n\n\n\n<p>Fuentes policiales y judiciales informaron que la v\u00edctima se neg\u00f3 a entregarle sus pertenencias a dos delincuentes que lo interceptaron cuando estaba llegando a la casa de unos amigos.<\/p>\n\n\n\n<p>El joven fue identificado como Osvaldo Diego Calo, quien fue trasladado de urgencia a un hospital de la zona, donde fue operado dos veces y horas despu\u00e9s falleci\u00f3 a ra\u00edz de las lesiones sufridas en el pecho.<\/p>\n\n\n\n<p>Seg\u00fan las fuentes, tras el ataque,&nbsp;los ladrones huyeron a la carrera tras robarle una mochila con sus pertenencias.<\/p>\n\n\n\n<p>Personal de la comisar\u00eda 5ta. de Wilde fue alertado por el crimen y comenz\u00f3 a investigar lo sucedido en busca de c\u00e1maras de seguridad municipales y privadas con el objetivo de identificar a los agresores.<\/p>\n\n\n\n<p>El hecho es investigado por la fiscal Mar\u00eda Alejandra Olmos Coronel, a cargo de la Unidad Funcional de Instrucci\u00f3n (UFI) 1 del Departamento Judicial Avellaneda &#8211; Lan\u00fas.<\/p>\n","protected":false},"excerpt":{"rendered":"<p>Un joven<\/p>\n","protected":false},"author":1,"featured_media":39574,"comment_status":"closed","ping_status":"closed","sticky":false,"template":"","format":"standard","meta":{"footnotes":""},"categories":[1,3],"tags":[54],"class_list":["post-42968","post","type-post","status-publish","format-standard","has-post-thumbnail","hentry","category-destacados","category-regionales","tag-avellaneda"],"_links":{"self":[{"href":"https:\/\/panoramadelsur.com.ar\/index.php?rest_route=\/wp\/v2\/posts\/42968","targetHints":{"allow":["GET"]}}],"collection":[{"href":"https:\/\/panoramadelsur.com.ar\/index.php?rest_route=\/wp\/v2\/posts"}],"about":[{"href":"https:\/\/panoramadelsur.com.ar\/index.php?rest_route=\/wp\/v2\/types\/post"}],"author":[{"embeddable":true,"href":"https:\/\/panoramadelsur.com.ar\/index.php?rest_route=\/wp\/v2\/users\/1"}],"replies":[{"embeddable":true,"href":"https:\/\/panoramadelsur.com.ar\/index.php?rest_route=%2Fwp%2Fv2%2Fcomments&post=42968"}],"version-history":[{"count":1,"href":"https:\/\/panoramadelsur.com.ar\/index.php?rest_route=\/wp\/v2\/posts\/42968\/revisions"}],"predecessor-version":[{"id":42969,"href":"https:\/\/panoramadelsur.com.ar\/index.php?rest_route=\/wp\/v2\/posts\/42968\/revisions\/42969"}],"wp:featuredmedia":[{"embeddable":true,"href":"https:\/\/panoramadelsur.com.ar\/index.php?rest_route=\/wp\/v2\/media\/39574"}],"wp:attachment":[{"href":"https:\/\/panoramadelsur.com.ar\/index.php?rest_route=%2Fwp%2Fv2%2Fmedia&parent=42968"}],"wp:term":[{"taxonomy":"category","embeddable":true,"href":"https:\/\/panoramadelsur.com.ar\/index.php?rest_route=%2Fwp%2Fv2%2Fcategories&post=42968"},{"taxonomy":"post_tag","embeddable":true,"href":"https:\/\/panoramadelsur.com.ar\/index.php?rest_route=%2Fwp%2Fv2%2Ftags&post=42968"}],"curies":[{"name":"wp","href":"https:\/\/api.w.org\/{rel}","templated":true}]}}