{"id":4298,"date":"2021-05-19T01:07:00","date_gmt":"2021-05-19T04:07:00","guid":{"rendered":"http:\/\/panoramadelsur.com.ar\/?p=4298"},"modified":"2021-05-19T01:26:20","modified_gmt":"2021-05-19T04:26:20","slug":"berazategui-convocan-a-donar-ropa-de-abrigo-para-ninos-en-situacion-de-vulnerabilidad","status":"publish","type":"post","link":"https:\/\/panoramadelsur.com.ar\/?p=4298","title":{"rendered":"Berazategui: Convocan a donar ropa de abrigo para ni\u00f1os en situaci\u00f3n de vulnerabilidad"},"content":{"rendered":"\n<p><strong>Como siempre a esta altura del a\u00f1o, cuando el clima comienza a tornarse hostil, la Municipalidad de Berazategui convoca a la comunidad a participar de la Campa\u00f1a solidaria \u201cAbrigando Sue\u00f1os\u201d, que tiene como objetivo colaborar con prendas de abrigo para ni\u00f1os y ni\u00f1as en situaci\u00f3n de vulnerabilidad social.<\/strong><br>\u00a0<br>Organizada por las Secretar\u00edas de Trabajo (Programas de Responsabilidad Social y Emprender) y de Cultura y Educaci\u00f3n (Red de voluntarios \u201cBerazategui Solidaria\u201d), la iniciativa adquiere en estos momentos mucho m\u00e1s valor, al desarrollarse en medio de la emergencia sanitaria por la pandemia de COVID-19.<br>\u00a0<br>Como cada a\u00f1o, la idea es promover la producci\u00f3n solidaria de mantas de abrigo y bufandas. Para esto, se solicita la donaci\u00f3n de retazos de tela polar y lana necesarias para su confecci\u00f3n, adem\u00e1s de frazadas, mantas, medias y calzado infantil.<br>\u00a0<br>La elaboraci\u00f3n de las prendas estar\u00e1 a cargo de emprendedoras textiles del Programa Emprender y de integrantes de los voluntariados \u00abVolBer\u00bb y \u00abBerazategui Solidaria\u00bb, quienes realizar\u00e1n el trabajo ad honorem desde sus casas.<br>\u00a0<br>Aquellos vecinos, empresas, comercios e instituciones interesados en sumarse a esta Campa\u00f1a solidaria a trav\u00e9s de una donaci\u00f3n, pueden comunicarse al 4356-9200 (Internos 1191 y 1179), de lunes a viernes, de 8.00 a 16.00; o enviar un mail a\u00a0<a rel=\"noreferrer noopener\" href=\"mailto:responsabilidadsocial@berazategui.gob.ar\" target=\"_blank\">responsabilidadsocial@berazategui.gob.ar<\/a>.<\/p>\n","protected":false},"excerpt":{"rendered":"<p>Como siempre<\/p>\n","protected":false},"author":1,"featured_media":39574,"comment_status":"open","ping_status":"open","sticky":false,"template":"","format":"standard","meta":{"footnotes":""},"categories":[3],"tags":[],"class_list":["post-4298","post","type-post","status-publish","format-standard","has-post-thumbnail","hentry","category-regionales"],"_links":{"self":[{"href":"https:\/\/panoramadelsur.com.ar\/index.php?rest_route=\/wp\/v2\/posts\/4298","targetHints":{"allow":["GET"]}}],"collection":[{"href":"https:\/\/panoramadelsur.com.ar\/index.php?rest_route=\/wp\/v2\/posts"}],"about":[{"href":"https:\/\/panoramadelsur.com.ar\/index.php?rest_route=\/wp\/v2\/types\/post"}],"author":[{"embeddable":true,"href":"https:\/\/panoramadelsur.com.ar\/index.php?rest_route=\/wp\/v2\/users\/1"}],"replies":[{"embeddable":true,"href":"https:\/\/panoramadelsur.com.ar\/index.php?rest_route=%2Fwp%2Fv2%2Fcomments&post=4298"}],"version-history":[{"count":1,"href":"https:\/\/panoramadelsur.com.ar\/index.php?rest_route=\/wp\/v2\/posts\/4298\/revisions"}],"predecessor-version":[{"id":4300,"href":"https:\/\/panoramadelsur.com.ar\/index.php?rest_route=\/wp\/v2\/posts\/4298\/revisions\/4300"}],"wp:featuredmedia":[{"embeddable":true,"href":"https:\/\/panoramadelsur.com.ar\/index.php?rest_route=\/wp\/v2\/media\/39574"}],"wp:attachment":[{"href":"https:\/\/panoramadelsur.com.ar\/index.php?rest_route=%2Fwp%2Fv2%2Fmedia&parent=4298"}],"wp:term":[{"taxonomy":"category","embeddable":true,"href":"https:\/\/panoramadelsur.com.ar\/index.php?rest_route=%2Fwp%2Fv2%2Fcategories&post=4298"},{"taxonomy":"post_tag","embeddable":true,"href":"https:\/\/panoramadelsur.com.ar\/index.php?rest_route=%2Fwp%2Fv2%2Ftags&post=4298"}],"curies":[{"name":"wp","href":"https:\/\/api.w.org\/{rel}","templated":true}]}}