{"id":4304,"date":"2021-05-17T14:14:52","date_gmt":"2021-05-17T17:14:52","guid":{"rendered":"http:\/\/panoramadelsur.com.ar\/?p=4304"},"modified":"2021-05-17T14:14:55","modified_gmt":"2021-05-17T17:14:55","slug":"rossi-encabezo-el-acto-por-el-dia-de-la-armada-argentina","status":"publish","type":"post","link":"https:\/\/panoramadelsur.com.ar\/?p=4304","title":{"rendered":"Rossi encabez\u00f3 el acto por el D\u00eda de la Armada Argentina"},"content":{"rendered":"\n<p>El ministro de Defensa, Agust\u00edn Rossi, encabez\u00f3 hoy el acto de aniversario del D\u00eda de la Armada y destac\u00f3 que este a\u00f1o se dispondr\u00e1 de un fondo de inversi\u00f3n de 33 mil millones de pesos para reequipar las fuerzas, a trav\u00e9s de varios proyectos e iniciativas de cada una de las dependencias militares.<\/p>\n\n\n\n<p>El acto se realiz\u00f3 este mediod\u00eda en conmemoraci\u00f3n de la victoria naval en el Combate de Montevideo en 1814, y se realiz\u00f3 en la Fragata Sarmiento, en el barrio porte\u00f1o de Puerto Madero.<\/p>\n\n\n\n<p>\u00abEl Fondo de Equipamiento de las Fuerzas Armadas es un proyecto que hab\u00eda presentado cuando era diputado nacional y estamos ejecut\u00e1ndolo este a\u00f1o: se va a disponer de 33 mil millones de pesos que se aplicar\u00e1n a proyectos e iniciativas que tiene cada una de las fuerzas\u00bb, dijo Rossi a la prensa tras el acto.<\/p>\n\n\n\n<p>Participaron en el encuentro los jefes del Estado Mayor General de la Armada, vicealmirante Julio Horacio Guardia; del Estado Mayor Conjunto de las Fuerzas Armadas, general de Divisi\u00f3n Juan Mart\u00edn Paleo; del Estado Mayor General del Ej\u00e9rcito, general de Divisi\u00f3n Agust\u00edn Cejas, y de la Fuerza A\u00e9rea, brigadier mayor Xavier Juli\u00e1n Isaac, entre otras autoridades militares y civiles.<\/p>\n\n\n\n<p>\u00abTrabajamos en la F\u00e1brica Argentina de Aviones (Fadea) para terminar una actualizaci\u00f3n de un avi\u00f3n P3 destinado a tareas de vigilancia y control de la zona econ\u00f3mica exclusiva y tenemos una cantidad de iniciativas entre todas las fuerzas que est\u00e1n persiguiendo el objetivo de lograr un reequipamiento de las Fuerzas Armadas\u00bb, agreg\u00f3 el funcionario.<\/p>\n\n\n\n<p>Durante el acto, Rossi tambi\u00e9n destac\u00f3 el \u00abnotable compromiso de las Fuerzas Armadas durante todo el esfuerzo\u00bb en las tareas de asistencia por la pandemia de coronavirus.<\/p>\n\n\n\n<p>\u00abSobre la base naval, hay un proyecto que tiene la Armada hace much\u00edsimo tiempo y que no se pudo ejecutar por problemas en el financiamiento, que estamos tratando de conseguir para poder empezar a licitar su construcci\u00f3n por partes\u00bb, mencion\u00f3 el ministro.<\/p>\n\n\n\n<p>En ese sentido, subray\u00f3 que \u00abes un objetivo estrat\u00e9gico desde el punto de vista de lo que significa el Ministerio de Defensa\u00bb.<\/p>\n\n\n\n<p>\u00abPoder construir la base m\u00e1s austral del mundo es important\u00edsimo no solo para la operaci\u00f3n de la Armada sino desde el punto de vista geopol\u00edtico\u00bb, concluy\u00f3.<\/p>\n","protected":false},"excerpt":{"rendered":"<p>El ministro<\/p>\n","protected":false},"author":1,"featured_media":39574,"comment_status":"open","ping_status":"open","sticky":false,"template":"","format":"standard","meta":{"footnotes":""},"categories":[4],"tags":[],"class_list":["post-4304","post","type-post","status-publish","format-standard","has-post-thumbnail","hentry","category-nacionales"],"_links":{"self":[{"href":"https:\/\/panoramadelsur.com.ar\/index.php?rest_route=\/wp\/v2\/posts\/4304","targetHints":{"allow":["GET"]}}],"collection":[{"href":"https:\/\/panoramadelsur.com.ar\/index.php?rest_route=\/wp\/v2\/posts"}],"about":[{"href":"https:\/\/panoramadelsur.com.ar\/index.php?rest_route=\/wp\/v2\/types\/post"}],"author":[{"embeddable":true,"href":"https:\/\/panoramadelsur.com.ar\/index.php?rest_route=\/wp\/v2\/users\/1"}],"replies":[{"embeddable":true,"href":"https:\/\/panoramadelsur.com.ar\/index.php?rest_route=%2Fwp%2Fv2%2Fcomments&post=4304"}],"version-history":[{"count":1,"href":"https:\/\/panoramadelsur.com.ar\/index.php?rest_route=\/wp\/v2\/posts\/4304\/revisions"}],"predecessor-version":[{"id":4306,"href":"https:\/\/panoramadelsur.com.ar\/index.php?rest_route=\/wp\/v2\/posts\/4304\/revisions\/4306"}],"wp:featuredmedia":[{"embeddable":true,"href":"https:\/\/panoramadelsur.com.ar\/index.php?rest_route=\/wp\/v2\/media\/39574"}],"wp:attachment":[{"href":"https:\/\/panoramadelsur.com.ar\/index.php?rest_route=%2Fwp%2Fv2%2Fmedia&parent=4304"}],"wp:term":[{"taxonomy":"category","embeddable":true,"href":"https:\/\/panoramadelsur.com.ar\/index.php?rest_route=%2Fwp%2Fv2%2Fcategories&post=4304"},{"taxonomy":"post_tag","embeddable":true,"href":"https:\/\/panoramadelsur.com.ar\/index.php?rest_route=%2Fwp%2Fv2%2Ftags&post=4304"}],"curies":[{"name":"wp","href":"https:\/\/api.w.org\/{rel}","templated":true}]}}