{"id":4328,"date":"2021-05-18T01:01:00","date_gmt":"2021-05-18T04:01:00","guid":{"rendered":"http:\/\/panoramadelsur.com.ar\/?p=4328"},"modified":"2021-05-17T17:50:11","modified_gmt":"2021-05-17T20:50:11","slug":"el-municipio-de-quilmes-presenta-un-ciclo-documental-sobre-el-proceso-de-los-residuos-separados","status":"publish","type":"post","link":"https:\/\/panoramadelsur.com.ar\/?p=4328","title":{"rendered":"El Municipio de Quilmes presenta un ciclo documental sobre el proceso de los residuos separados"},"content":{"rendered":"\n<p>El Municipio de Quilmes present\u00f3 ayer lunes el primer cap\u00edtulo del ciclo documental \u201cResiduos: de la separaci\u00f3n a la transformaci\u00f3n\u201d. Se trata de tres episodios, que a trav\u00e9s de sus protagonistas, se visibilizan los procesos del reciclaje de residuos que suceden en nuestro distrito desde la separaci\u00f3n en origen, pasando por el trabajo en EcoPuntos y recuperadores hasta empresas que realizan productos con estos materiales.<\/p>\n\n\n\n<p>El ciclo documental busca concientizar sobre la importancia de la separaci\u00f3n en cada hogar y dar respuesta a las y los vecinos sobre el circuito de los reciclables una vez que salen del EcoPunto. Tambi\u00e9n reivindica la importancia del trabajo de los\/las recuperadores y promotores ambientales pertenecientes a las cooperativas. Adem\u00e1s muestra los procesos productivos y las tecnolog\u00edas de empresas locales que dan un segundo uso.<\/p>\n\n\n\n<p>El primer cap\u00edtulo, \u201cDe casa al EcoPunto y circuitos de recolecci\u00f3n\u201d, ya se public\u00f3 en las redes sociales del Municipio y est\u00e1 disponible en el canal de Youtube:&nbsp;&nbsp;<a href=\"https:\/\/youtu.be\/yPhEDNCFmfU\" target=\"_blank\" rel=\"noreferrer noopener\">https:\/\/youtu.be\/yPhEDNCFmfU<\/a><\/p>\n\n\n\n<p>. Recicladores urbanos, trabajadoras\/es municipales y vecinos dan cuenta del valor de la separaci\u00f3n de residuos y de c\u00f3mo desarrollan su trabajo.<\/p>\n\n\n\n<p>El segundo cap\u00edtulo, \u201cDel EcoPunto a la cooperativa y dep\u00f3sitos\u201d, visibiliza el trabajo de las cooperativas que trabajan el proceso de separaci\u00f3n y selecci\u00f3n de los residuos.&nbsp; Y el tercer cap\u00edtulo, \u201cProcesos industriales de la econom\u00eda circular\u201d, cuenta con la participaci\u00f3n de empresas quilme\u00f1as que producen productos finales dando una segunda oportunidad a los residuos.<\/p>\n\n\n\n<p>Ambos ser\u00e1n publicados en las redes sociales y el canal de Youtube del Municipio durante esta semana. Tambi\u00e9n participa la intendenta Mayra Mendoza, que da cuenta de todo el trabajo que desde la gesti\u00f3n se est\u00e1 coordinando para avanzar en la transici\u00f3n hacia una econom\u00eda circular y sustentable. Las y los protagonistas del ciclo documental son vecinas y vecinos, trabajadores de cooperativas organizados de forma coordinada con la gesti\u00f3n municipal, trabajadores municipales, y empresas.<\/p>\n","protected":false},"excerpt":{"rendered":"<p>El Municipio<\/p>\n","protected":false},"author":1,"featured_media":39574,"comment_status":"open","ping_status":"open","sticky":false,"template":"","format":"standard","meta":{"footnotes":""},"categories":[10,2],"tags":[],"class_list":["post-4328","post","type-post","status-publish","format-standard","has-post-thumbnail","hentry","category-mas-noticias","category-quilmes"],"_links":{"self":[{"href":"https:\/\/panoramadelsur.com.ar\/index.php?rest_route=\/wp\/v2\/posts\/4328","targetHints":{"allow":["GET"]}}],"collection":[{"href":"https:\/\/panoramadelsur.com.ar\/index.php?rest_route=\/wp\/v2\/posts"}],"about":[{"href":"https:\/\/panoramadelsur.com.ar\/index.php?rest_route=\/wp\/v2\/types\/post"}],"author":[{"embeddable":true,"href":"https:\/\/panoramadelsur.com.ar\/index.php?rest_route=\/wp\/v2\/users\/1"}],"replies":[{"embeddable":true,"href":"https:\/\/panoramadelsur.com.ar\/index.php?rest_route=%2Fwp%2Fv2%2Fcomments&post=4328"}],"version-history":[{"count":1,"href":"https:\/\/panoramadelsur.com.ar\/index.php?rest_route=\/wp\/v2\/posts\/4328\/revisions"}],"predecessor-version":[{"id":4330,"href":"https:\/\/panoramadelsur.com.ar\/index.php?rest_route=\/wp\/v2\/posts\/4328\/revisions\/4330"}],"wp:featuredmedia":[{"embeddable":true,"href":"https:\/\/panoramadelsur.com.ar\/index.php?rest_route=\/wp\/v2\/media\/39574"}],"wp:attachment":[{"href":"https:\/\/panoramadelsur.com.ar\/index.php?rest_route=%2Fwp%2Fv2%2Fmedia&parent=4328"}],"wp:term":[{"taxonomy":"category","embeddable":true,"href":"https:\/\/panoramadelsur.com.ar\/index.php?rest_route=%2Fwp%2Fv2%2Fcategories&post=4328"},{"taxonomy":"post_tag","embeddable":true,"href":"https:\/\/panoramadelsur.com.ar\/index.php?rest_route=%2Fwp%2Fv2%2Ftags&post=4328"}],"curies":[{"name":"wp","href":"https:\/\/api.w.org\/{rel}","templated":true}]}}