{"id":4356,"date":"2021-05-18T01:01:00","date_gmt":"2021-05-18T04:01:00","guid":{"rendered":"http:\/\/panoramadelsur.com.ar\/?p=4356"},"modified":"2021-05-17T23:33:30","modified_gmt":"2021-05-18T02:33:30","slug":"de-pedro-y-guzman-reciben-a-rodriguez-larreta-para-discutir-los-fondos-para-seguridad","status":"publish","type":"post","link":"https:\/\/panoramadelsur.com.ar\/?p=4356","title":{"rendered":"De Pedro y Guzm\u00e1n reciben a Rodr\u00edguez Larreta para discutir los fondos para Seguridad"},"content":{"rendered":"\n<p>Los ministros del Interior y de Econom\u00eda, Eduardo \u00abWado\u00bb de Pedro y Mart\u00edn Guzm\u00e1n, respectivamente, recibir\u00e1n este martes en la Casa Rosada al jefe de Gobierno porte\u00f1o, Horacio Rodr\u00edguez Larreta, para iniciar el di\u00e1logo en torno a los fondos derivados desde la administraci\u00f3n central para la seguridad de la Ciudad Aut\u00f3noma de Buenos Aires.<\/p>\n\n\n\n<p>El encuentro se realizar\u00e1 por la tarde, alrededor de las 17, en las oficinas del Ministerio del Interior, en Balcarce 50.<\/p>\n\n\n\n<p>Fuentes del Gobierno porte\u00f1o confirmaron a T\u00e9lam que el alcalde encabezar\u00e1 la comitiva de funcionarios que participar\u00e1n de la reuni\u00f3n convocada semanas atr\u00e1s por el Gobierno nacional a trav\u00e9s de una carta.<\/p>\n\n\n\n<p>En la nota, los ministros Guzm\u00e1n y De Pedro recordaron que \u00abcomo se expres\u00f3 en la audiencia convocada ante la Secretar\u00eda de Juicios Originarios de la Corte Suprema de Justicia, desde el Estado Nacional continuamos bregando por alcanzar puntos de acuerdo y reiteramos la invitaci\u00f3n a un di\u00e1logo de buena fe, sobre la base del respeto a las instituciones y al federalismo\u00bb.<\/p>\n\n\n\n<p>El debate se dar\u00e1 en el marco fijado por la Ley 27.606, en la que se ordena que el \u00abgasto anual\u00bb de la transferencia de la seguridad y \u00absu mecanismo de actualizaci\u00f3n trimestral\u00bb sean acordados \u00aben forma bilateral\u00bb.<\/p>\n\n\n\n<p>El presidente Alberto Fern\u00e1ndez y Rodr\u00edguez Larreta mantuvieron reuniones para discutir el monto de esos fondos a fines de 2019 y principios de 2020.<\/p>\n\n\n\n<p>La administraci\u00f3n federal entiende que los montos traspasados -por decreto- durante el macrismo a la Ciudad y que llevaron el aporte de la Naci\u00f3n del 1,4% de recursos coparticipables a 3,75% est\u00e1n por encima de los que corresponden para sostener el servicio de seguridad.<\/p>\n\n\n\n<p>En septiembre pasado, el Presidente decidi\u00f3 destinar ese excedente a la provincia de Buenos Aires y, en diciembre, el Congreso Nacional sancion\u00f3 la ley que ordenaba a las partes discutir en 60 d\u00edas el monto a traspasar.<\/p>\n\n\n\n<p>Mientras tanto, el Gobierno de la Ciudad mantiene un reclamo ante la Corte Suprema de Justicia, \u00f3rgano que ya indic\u00f3 que la resoluci\u00f3n del diferendo se debe dar en el marco de la ley.<\/p>\n","protected":false},"excerpt":{"rendered":"<p>Los ministros<\/p>\n","protected":false},"author":1,"featured_media":39574,"comment_status":"open","ping_status":"open","sticky":false,"template":"","format":"standard","meta":{"footnotes":""},"categories":[1,4],"tags":[],"class_list":["post-4356","post","type-post","status-publish","format-standard","has-post-thumbnail","hentry","category-destacados","category-nacionales"],"_links":{"self":[{"href":"https:\/\/panoramadelsur.com.ar\/index.php?rest_route=\/wp\/v2\/posts\/4356","targetHints":{"allow":["GET"]}}],"collection":[{"href":"https:\/\/panoramadelsur.com.ar\/index.php?rest_route=\/wp\/v2\/posts"}],"about":[{"href":"https:\/\/panoramadelsur.com.ar\/index.php?rest_route=\/wp\/v2\/types\/post"}],"author":[{"embeddable":true,"href":"https:\/\/panoramadelsur.com.ar\/index.php?rest_route=\/wp\/v2\/users\/1"}],"replies":[{"embeddable":true,"href":"https:\/\/panoramadelsur.com.ar\/index.php?rest_route=%2Fwp%2Fv2%2Fcomments&post=4356"}],"version-history":[{"count":1,"href":"https:\/\/panoramadelsur.com.ar\/index.php?rest_route=\/wp\/v2\/posts\/4356\/revisions"}],"predecessor-version":[{"id":4358,"href":"https:\/\/panoramadelsur.com.ar\/index.php?rest_route=\/wp\/v2\/posts\/4356\/revisions\/4358"}],"wp:featuredmedia":[{"embeddable":true,"href":"https:\/\/panoramadelsur.com.ar\/index.php?rest_route=\/wp\/v2\/media\/39574"}],"wp:attachment":[{"href":"https:\/\/panoramadelsur.com.ar\/index.php?rest_route=%2Fwp%2Fv2%2Fmedia&parent=4356"}],"wp:term":[{"taxonomy":"category","embeddable":true,"href":"https:\/\/panoramadelsur.com.ar\/index.php?rest_route=%2Fwp%2Fv2%2Fcategories&post=4356"},{"taxonomy":"post_tag","embeddable":true,"href":"https:\/\/panoramadelsur.com.ar\/index.php?rest_route=%2Fwp%2Fv2%2Ftags&post=4356"}],"curies":[{"name":"wp","href":"https:\/\/api.w.org\/{rel}","templated":true}]}}