{"id":4370,"date":"2021-05-19T01:04:00","date_gmt":"2021-05-19T04:04:00","guid":{"rendered":"http:\/\/panoramadelsur.com.ar\/?p=4370"},"modified":"2021-05-18T12:18:17","modified_gmt":"2021-05-18T15:18:17","slug":"berazategui-la-inscripcion-a-las-becas-progresar-se-extiende-hasta-el-21-de-mayo","status":"publish","type":"post","link":"https:\/\/panoramadelsur.com.ar\/?p=4370","title":{"rendered":"Berazategui: La inscripci\u00f3n a las becas Progresar se extiende hasta el 21 de mayo"},"content":{"rendered":"\n<p class=\"wp-block-paragraph\">La Municipalidad de Berazategui, a trav\u00e9s de la Secretar\u00eda de Cultura y Educaci\u00f3n, informa que se extiende la inscripci\u00f3n a las becas del Programa de Respaldo a Estudiantes Argentinos \u00abProgresar\u00bb hasta este viernes 21 de mayo, inclusive.<\/p>\n\n\n\n<p class=\"wp-block-paragraph\">Todos aquellos alumnos interesados en sumarse a esta propuesta, que busca garantizar la igualdad de oportunidades en el \u00e1mbito educativo, podr\u00e1n inscribirse en forma virtual, o en forma presencial de lunes a viernes, de 10.00 a 14.00, en la Subsecretar\u00eda de Juventudes (3er Piso de la Municipalidad, Av. 14 e\/ 131 y 131 A) y en la Oficina de Empleo ubicada en el Parque Industrial Pl\u00e1tanos (Av. Milazzo N\u00ba 3251).<br><br>El Programa de Respaldo a Estudiantes Argentinos \u00abProgresar\u00bb, dependiente del Ministerio de Educaci\u00f3n, fue creado en 2014 y busca fortalecer el ingreso, la permanencia y el egreso de los estudiantes, promover la finalizaci\u00f3n de la educaci\u00f3n obligatoria, adem\u00e1s de fomentar la educaci\u00f3n superior y los cursos de formaci\u00f3n profesional. Para eso, se otorga una ayuda econ\u00f3mica, que guarda relaci\u00f3n con la instancia educativa en que se encuentren y acompa\u00f1amiento sociopedag\u00f3gico para quienes cumplan determinados requisitos seg\u00fan el nivel.<br><br>\u201cEn este reimpulso del Progresar, se pautaron cuatro l\u00edneas de becas: una orientada al nivel superior (tanto terciario como universitario); otra l\u00ednea enfocada en quienes ingresan en formaci\u00f3n profesional; Progresar Enfermer\u00eda, que busca fomentar el ingreso para quienes desean cursar la carrera de Enfermer\u00eda; y el nivel obligatorio, orientado a quienes han iniciado el proceso de finalizaci\u00f3n de la educaci\u00f3n obligatoria, tanto de nivel primario como secundario, a trav\u00e9s del plan FINES\u201d, explica el coordinador de las Becas Progresar en Berazategui, Cristian Ulagnero.<br><br>Para inscribirse al programa, obtener mayor informaci\u00f3n y conocer en detalle los requisitos, se puede ingresar en\u00a0<a rel=\"noreferrer noopener\" href=\"http:\/\/argentina.gob.ar\/educacion\/progresar\" target=\"_blank\">argentina.gob.ar\/educacion\/progresar<\/a><\/p>\n","protected":false},"excerpt":{"rendered":"<p>La Municipalidad<\/p>\n","protected":false},"author":1,"featured_media":39574,"comment_status":"open","ping_status":"open","sticky":false,"template":"","format":"standard","meta":{"footnotes":""},"categories":[8,3],"tags":[],"class_list":["post-4370","post","type-post","status-publish","format-standard","has-post-thumbnail","hentry","category-para-agendar","category-regionales"],"_links":{"self":[{"href":"https:\/\/panoramadelsur.com.ar\/index.php?rest_route=\/wp\/v2\/posts\/4370","targetHints":{"allow":["GET"]}}],"collection":[{"href":"https:\/\/panoramadelsur.com.ar\/index.php?rest_route=\/wp\/v2\/posts"}],"about":[{"href":"https:\/\/panoramadelsur.com.ar\/index.php?rest_route=\/wp\/v2\/types\/post"}],"author":[{"embeddable":true,"href":"https:\/\/panoramadelsur.com.ar\/index.php?rest_route=\/wp\/v2\/users\/1"}],"replies":[{"embeddable":true,"href":"https:\/\/panoramadelsur.com.ar\/index.php?rest_route=%2Fwp%2Fv2%2Fcomments&post=4370"}],"version-history":[{"count":1,"href":"https:\/\/panoramadelsur.com.ar\/index.php?rest_route=\/wp\/v2\/posts\/4370\/revisions"}],"predecessor-version":[{"id":4372,"href":"https:\/\/panoramadelsur.com.ar\/index.php?rest_route=\/wp\/v2\/posts\/4370\/revisions\/4372"}],"wp:featuredmedia":[{"embeddable":true,"href":"https:\/\/panoramadelsur.com.ar\/index.php?rest_route=\/wp\/v2\/media\/39574"}],"wp:attachment":[{"href":"https:\/\/panoramadelsur.com.ar\/index.php?rest_route=%2Fwp%2Fv2%2Fmedia&parent=4370"}],"wp:term":[{"taxonomy":"category","embeddable":true,"href":"https:\/\/panoramadelsur.com.ar\/index.php?rest_route=%2Fwp%2Fv2%2Fcategories&post=4370"},{"taxonomy":"post_tag","embeddable":true,"href":"https:\/\/panoramadelsur.com.ar\/index.php?rest_route=%2Fwp%2Fv2%2Ftags&post=4370"}],"curies":[{"name":"wp","href":"https:\/\/api.w.org\/{rel}","templated":true}]}}