{"id":4388,"date":"2021-05-19T01:07:00","date_gmt":"2021-05-19T04:07:00","guid":{"rendered":"http:\/\/panoramadelsur.com.ar\/?p=4388"},"modified":"2021-05-18T20:47:55","modified_gmt":"2021-05-18T23:47:55","slug":"diputados-debatira-este-miercoles-consenso-fiscal-y-ganancias-para-empresas","status":"publish","type":"post","link":"https:\/\/panoramadelsur.com.ar\/?p=4388","title":{"rendered":"Diputados debatir\u00e1 este mi\u00e9rcoles Consenso Fiscal y ganancias para empresas"},"content":{"rendered":"\n<p>La C\u00e1mara de Diputados buscar\u00e1 este mi\u00e9rcoles, en una sesi\u00f3n especial, convertir en ley el Consenso Fiscal acordado entre el Gobierno y los mandatarios provinciales y un proyecto de reforma del impuesto a las Ganancias para sociedades, con el que se busca aliviar la carga fiscal al 90% de las empresas peque\u00f1as y medianas.<\/p>\n\n\n\n<p>Las iniciativas forman parte de un extenso temario que se debatir\u00e1 en el recinto de sesiones desde las 13, con lo cual es probable que se aprueben cerca de la madrugada debido a que se encuentran en el cuarto y quinto punto de la agenda.<\/p>\n\n\n\n<p>El dictamen sobre ganancias busca aliviar la carga fiscal para las peque\u00f1as y medianas empresas, ya que reduce la al\u00edcuota que pagan actualmente del 30 al 25 por ciento.<\/p>\n\n\n\n<p>El proyecto enviado por el Poder Ejecutivo al Parlamento establece un nuevo esquema de al\u00edcuotas escalonadas compuestas de tres segmentos en funci\u00f3n del nivel de ganancia neta imponible acumulada de cada sociedad.<\/p>\n\n\n\n<p>La iniciativa establece un primer escal\u00f3n de 25% para ganancias netas acumuladas de hasta $5 millones, una al\u00edcuota que no s\u00f3lo abarcar\u00e1 a las pymes sino tambi\u00e9n a la mayor\u00eda de las medianas empresas.<\/p>\n\n\n\n<p>El segundo escal\u00f3n -de 30%- es para ganancias netas acumuladas de m\u00e1s de $5 millones y hasta $20 millones, y un \u00faltimo segmento de 35% para ganancias netas acumuladas superiores a $20 millones.<\/p>\n\n\n\n<p>Los dividendos distribuidos pagar\u00e1n en todos los casos la al\u00edcuota de 7%, a trav\u00e9s del impuesto vigente.<\/p>\n\n\n\n<p>Adem\u00e1s, en la sesi\u00f3n se buscar\u00e1 convertir en ley el proyecto de Consenso Fiscal acordado entre el presidente Alberto Fern\u00e1ndez y los mandatarios provinciales, con excepci\u00f3n de La Pampa, San Luis y la ciudad de Buenos Aires.<\/p>\n\n\n\n<p>El nuevo acuerdo fiscal permitir\u00e1 a las provincias contar con unos $70.000 millones para reactivar sus econom\u00edas regionales, luego de un a\u00f1o atravesado por la crisis generada por la pandemia del coronavirus.<\/p>\n\n\n\n<p>El proyecto adem\u00e1s establece que en el 2021 las provincias no podr\u00e1n incrementar el stock de deuda denominada en moneda extranjera respecto a los valores registrados al 31 de diciembre del 2020.<\/p>\n\n\n\n<p>Esa medida no se aplicar\u00e1 para las l\u00edneas de financiamiento con organismos bilaterales o multilaterales de cr\u00e9dito o con acreedores institucionales siempre que, estos \u00faltimos, otorguen financiamiento de largo plazo con caracter\u00edsticas similares a los primeros, en t\u00e9rminos de repago y de destino de los fondos, entre otros.<\/p>\n\n\n\n<p>Tampoco se aplicar\u00e1n a los fondos obtenidos que se destinen a financiar obras de infraestructura o a reestructuraci\u00f3n de servicios de deuda emitida con anterioridad al 31 de diciembre de 2020.<\/p>\n\n\n\n<p>Otro punto central del acuerdo estar\u00e1 vinculado a las demandas judiciales y se establece que por un a\u00f1o las provincias se abstendr\u00e1n de iniciar procesos judiciales, y suspender los ya iniciados, relativos al r\u00e9gimen de Coparticipaci\u00f3n Federal de Impuestos.<\/p>\n","protected":false},"excerpt":{"rendered":"<p>La C\u00e1mara<\/p>\n","protected":false},"author":1,"featured_media":39574,"comment_status":"open","ping_status":"open","sticky":false,"template":"","format":"standard","meta":{"footnotes":""},"categories":[4],"tags":[],"class_list":["post-4388","post","type-post","status-publish","format-standard","has-post-thumbnail","hentry","category-nacionales"],"_links":{"self":[{"href":"https:\/\/panoramadelsur.com.ar\/index.php?rest_route=\/wp\/v2\/posts\/4388","targetHints":{"allow":["GET"]}}],"collection":[{"href":"https:\/\/panoramadelsur.com.ar\/index.php?rest_route=\/wp\/v2\/posts"}],"about":[{"href":"https:\/\/panoramadelsur.com.ar\/index.php?rest_route=\/wp\/v2\/types\/post"}],"author":[{"embeddable":true,"href":"https:\/\/panoramadelsur.com.ar\/index.php?rest_route=\/wp\/v2\/users\/1"}],"replies":[{"embeddable":true,"href":"https:\/\/panoramadelsur.com.ar\/index.php?rest_route=%2Fwp%2Fv2%2Fcomments&post=4388"}],"version-history":[{"count":1,"href":"https:\/\/panoramadelsur.com.ar\/index.php?rest_route=\/wp\/v2\/posts\/4388\/revisions"}],"predecessor-version":[{"id":4389,"href":"https:\/\/panoramadelsur.com.ar\/index.php?rest_route=\/wp\/v2\/posts\/4388\/revisions\/4389"}],"wp:featuredmedia":[{"embeddable":true,"href":"https:\/\/panoramadelsur.com.ar\/index.php?rest_route=\/wp\/v2\/media\/39574"}],"wp:attachment":[{"href":"https:\/\/panoramadelsur.com.ar\/index.php?rest_route=%2Fwp%2Fv2%2Fmedia&parent=4388"}],"wp:term":[{"taxonomy":"category","embeddable":true,"href":"https:\/\/panoramadelsur.com.ar\/index.php?rest_route=%2Fwp%2Fv2%2Fcategories&post=4388"},{"taxonomy":"post_tag","embeddable":true,"href":"https:\/\/panoramadelsur.com.ar\/index.php?rest_route=%2Fwp%2Fv2%2Ftags&post=4388"}],"curies":[{"name":"wp","href":"https:\/\/api.w.org\/{rel}","templated":true}]}}