{"id":4407,"date":"2021-05-19T01:08:00","date_gmt":"2021-05-19T04:08:00","guid":{"rendered":"http:\/\/panoramadelsur.com.ar\/?p=4407"},"modified":"2021-05-18T23:13:53","modified_gmt":"2021-05-19T02:13:53","slug":"detienen-a-un-hombre-por-golpear-y-encerrar-a-su-esposa-porque-la-comida-estaba-salada","status":"publish","type":"post","link":"https:\/\/panoramadelsur.com.ar\/?p=4407","title":{"rendered":"Detienen a un hombre por golpear y encerrar a su esposa porque la comida estaba salada"},"content":{"rendered":"\n<p class=\"wp-block-paragraph\">Un hombre fue detenido como acusado de haber golpeado en el rostro y encerrado en una vivienda a su esposa, quien tiene su movilidad reducida, porque la comida estaba \u00absalada\u00bb, en el partido bonaerense de Quilmes, informaron fuentes judiciales y de la fuerza.<\/p>\n\n\n\n<p class=\"wp-block-paragraph\">El hecho ocurri\u00f3 el lunes por la tarde en una casa situada en la calle 897 al 6800 del mencionado distrito de la zona sur del conurbano cuando personal de la comisar\u00eda 4ta. recibi\u00f3 un llamado al 911 de la propia v\u00edctima.<\/p>\n\n\n\n<p class=\"wp-block-paragraph\">Fuentes policiales y judiciales informaron que el personal lleg\u00f3 al lugar pero no fueron atendidos por ninguna persona, por lo que que consult\u00f3 a los vecinos que les dijeron que en horas de la tarde se hab\u00edan escuchado algunos gritos.<\/p>\n\n\n\n<p class=\"wp-block-paragraph\">El radio operador 911 logr\u00f3 comunicarse con la mujer, la cual comenz\u00f3 a gritar y a pedir auxilio, tras lo cual la Polic\u00eda ingres\u00f3 al inmueble por los techos.<\/p>\n\n\n\n<p class=\"wp-block-paragraph\">Seg\u00fan las fuentes, los efectivos se encontraron con un hombre de 61 a\u00f1os, llamado Alejandro, que no hizo caso a las indicaciones y se resisti\u00f3, por lo que fue reducido inmediatamente.<\/p>\n\n\n\n<p class=\"wp-block-paragraph\">El personal fue a la parte trasera de la vivienda donde hab\u00eda una especie de galp\u00f3n y proven\u00edan los gritos de auxilio.<\/p>\n\n\n\n<p class=\"wp-block-paragraph\">All\u00ed, los polic\u00edas encontraron a la mujer, de 57 a\u00f1os, quien se encontraba en estado de shock y presentaba algunos golpes en el rostro y su o\u00eddo.<\/p>\n\n\n\n<p class=\"wp-block-paragraph\">La v\u00edctima asegur\u00f3 que su esposo la hab\u00eda golpeado y encerrado en ese lugar, y que ten\u00eda armas de fuego, por lo que ella misma autoriz\u00f3 el ingreso de los efectivos.<\/p>\n\n\n\n<p class=\"wp-block-paragraph\">\u00abTodo se desencadena cuando \u00e9l se enoja porque la comida estaba salada y le empieza a pegar trompadas en la cara y en el o\u00eddo, la mujer est\u00e1 todav\u00eda en el hospital\u00bb, precis\u00f3 un vocero encargado de la pesquisa.<\/p>\n\n\n\n<p class=\"wp-block-paragraph\">Las fuentes a\u00f1adieron que los oficiales hallaron un rifle de aire comprimido calibre 5,5 mil\u00edmetros, una pistola marca FM calibre 9 mil\u00edmetros, un rev\u00f3lver .38, una pistola calibre .25, m\u00e1s de 150 proyectiles de diversos calibres, una bayoneta y tres cuchillos.<\/p>\n\n\n\n<p class=\"wp-block-paragraph\">El fiscal Alejandro Ruggeri, a cargo de la Unidad Funcional de Instrucci\u00f3n (UFI) 10 especializada en Violencia Familiar y de G\u00e9nero, dispuso la aprehensi\u00f3n del acusado por el delito de \u00ablesiones leves agravadas en el marco de violencia de g\u00e9nero\u00bb.<\/p>\n\n\n\n<p class=\"wp-block-paragraph\">A su vez, Ruggeri pidi\u00f3 la conversi\u00f3n de la aprehensi\u00f3n en detenci\u00f3n que ayer fue convalidada por el juez de garant\u00edas y este mi\u00e9rcoles lo indagar\u00e1 por ese delito.<\/p>\n\n\n\n<p class=\"wp-block-paragraph\">\u00abNo hab\u00eda denuncias previas pero la mujer refiri\u00f3 que la convivencia era en un marco de violencia\u00bb, concluy\u00f3 la fuente.<\/p>\n","protected":false},"excerpt":{"rendered":"<p>Un hombre<\/p>\n","protected":false},"author":1,"featured_media":39574,"comment_status":"open","ping_status":"open","sticky":false,"template":"","format":"standard","meta":{"footnotes":""},"categories":[2],"tags":[],"class_list":["post-4407","post","type-post","status-publish","format-standard","has-post-thumbnail","hentry","category-quilmes"],"_links":{"self":[{"href":"https:\/\/panoramadelsur.com.ar\/index.php?rest_route=\/wp\/v2\/posts\/4407","targetHints":{"allow":["GET"]}}],"collection":[{"href":"https:\/\/panoramadelsur.com.ar\/index.php?rest_route=\/wp\/v2\/posts"}],"about":[{"href":"https:\/\/panoramadelsur.com.ar\/index.php?rest_route=\/wp\/v2\/types\/post"}],"author":[{"embeddable":true,"href":"https:\/\/panoramadelsur.com.ar\/index.php?rest_route=\/wp\/v2\/users\/1"}],"replies":[{"embeddable":true,"href":"https:\/\/panoramadelsur.com.ar\/index.php?rest_route=%2Fwp%2Fv2%2Fcomments&post=4407"}],"version-history":[{"count":1,"href":"https:\/\/panoramadelsur.com.ar\/index.php?rest_route=\/wp\/v2\/posts\/4407\/revisions"}],"predecessor-version":[{"id":4409,"href":"https:\/\/panoramadelsur.com.ar\/index.php?rest_route=\/wp\/v2\/posts\/4407\/revisions\/4409"}],"wp:featuredmedia":[{"embeddable":true,"href":"https:\/\/panoramadelsur.com.ar\/index.php?rest_route=\/wp\/v2\/media\/39574"}],"wp:attachment":[{"href":"https:\/\/panoramadelsur.com.ar\/index.php?rest_route=%2Fwp%2Fv2%2Fmedia&parent=4407"}],"wp:term":[{"taxonomy":"category","embeddable":true,"href":"https:\/\/panoramadelsur.com.ar\/index.php?rest_route=%2Fwp%2Fv2%2Fcategories&post=4407"},{"taxonomy":"post_tag","embeddable":true,"href":"https:\/\/panoramadelsur.com.ar\/index.php?rest_route=%2Fwp%2Fv2%2Ftags&post=4407"}],"curies":[{"name":"wp","href":"https:\/\/api.w.org\/{rel}","templated":true}]}}