{"id":4428,"date":"2021-05-19T01:40:38","date_gmt":"2021-05-19T04:40:38","guid":{"rendered":"http:\/\/panoramadelsur.com.ar\/?p=4428"},"modified":"2021-05-19T01:40:40","modified_gmt":"2021-05-19T04:40:40","slug":"entubamiento-del-arroyo-jimenez-el-intendente-watson-verifico-junto-a-autoridades-nacionales-avances-en-la-obra","status":"publish","type":"post","link":"https:\/\/panoramadelsur.com.ar\/?p=4428","title":{"rendered":"Entubamiento del Arroyo Jim\u00e9nez: el intendente Watson verific\u00f3 junto a autoridades nacionales avances en la obra"},"content":{"rendered":"\n<p>El titular en el Ejecutivo local -Andr\u00e9s Watson- monitore\u00f3 el progreso en la construcci\u00f3n de un conducto para el cauce del arroyo Jim\u00e9nez junto a funcionarios del ministerio de Obras P\u00fablicas de la Naci\u00f3n: un proyecto de gran magnitud con beneficios para 90 mil personas de una decena de barrios varelenses.<\/p>\n\n\n\n<p>El Mandatario Comunal examin\u00f3 la evoluci\u00f3n de las tareas en la zona con un itinerario que comenz\u00f3 en la intersecci\u00f3n entre las calles Necochea y Esposos Curie. En el lugar, dialog\u00f3 con frentistas quienes expresaron su agradecimiento por la concreci\u00f3n de los trabajos.<\/p>\n\n\n\n<p>\u201cEs una alegr\u00eda inmensa hablar con los vecinos y vecinas que est\u00e1n muy contentos por ver el desarrollo de obras tan esperadas\u201d, expres\u00f3 Watson. \u201cHay una decisi\u00f3n pol\u00edtica de nuestro presidente Alberto Fern\u00e1ndez, de nuestro ministro Gabriel Katopodis para realizar acciones realmente necesarias para la poblaci\u00f3n\u201d, agreg\u00f3.<\/p>\n\n\n\n<p>\u201cEsto era un arroyo a cielo abierto con todas las contrariedades que esto trae para la vida diaria de quienes habitan el \u00e1rea lindante\u201d, manifest\u00f3 el Jefe de Estado Municipal quien adem\u00e1s expres\u00f3 su satisfacci\u00f3n porque \u201cal poco tiempo de anunciarlo, durante el discurso de apertura de sesiones en el Concejo Deliberante, observ\u00e9 el \u00e1gil avance de las tareas en el lugar\u00bb.<\/p>\n\n\n\n<p><em>\u00abUn cambio de vida\u201d<\/em><\/p>\n\n\n\n<p>Ofelia -oriunda de Villa Ang\u00e9lica- cont\u00f3 lo que implic\u00f3 el comienzo de construcci\u00f3n del conducto: \u201cDesde que vine a vivir ac\u00e1 que se inunda. Buscaban a los chicos en bote. La gente perd\u00eda lo poco que ten\u00eda con el agua y esto ahora nos cambia la vida\u201d.<\/p>\n\n\n\n<p>\u201cAdem\u00e1s, vemos la cantidad de obras en todo el distrito. Eso, como varelenses, nos enorgullece\u201d, a\u00f1adi\u00f3 la mujer.<\/p>\n\n\n\n<p>Hugo, radicado en la zona hace 50 a\u00f1os, tambi\u00e9n expres\u00f3 con emoci\u00f3n: \u201cWatson nos visit\u00f3 y prometi\u00f3 que iba a mejorar las condiciones en el barrio. Hoy no hay m\u00e1s que agradecimiento para con \u00e9l, porque cumpli\u00f3\u201d.<\/p>\n","protected":false},"excerpt":{"rendered":"<p>El titular<\/p>\n","protected":false},"author":1,"featured_media":39574,"comment_status":"open","ping_status":"open","sticky":false,"template":"","format":"standard","meta":{"footnotes":""},"categories":[3],"tags":[],"class_list":["post-4428","post","type-post","status-publish","format-standard","has-post-thumbnail","hentry","category-regionales"],"_links":{"self":[{"href":"https:\/\/panoramadelsur.com.ar\/index.php?rest_route=\/wp\/v2\/posts\/4428","targetHints":{"allow":["GET"]}}],"collection":[{"href":"https:\/\/panoramadelsur.com.ar\/index.php?rest_route=\/wp\/v2\/posts"}],"about":[{"href":"https:\/\/panoramadelsur.com.ar\/index.php?rest_route=\/wp\/v2\/types\/post"}],"author":[{"embeddable":true,"href":"https:\/\/panoramadelsur.com.ar\/index.php?rest_route=\/wp\/v2\/users\/1"}],"replies":[{"embeddable":true,"href":"https:\/\/panoramadelsur.com.ar\/index.php?rest_route=%2Fwp%2Fv2%2Fcomments&post=4428"}],"version-history":[{"count":1,"href":"https:\/\/panoramadelsur.com.ar\/index.php?rest_route=\/wp\/v2\/posts\/4428\/revisions"}],"predecessor-version":[{"id":4430,"href":"https:\/\/panoramadelsur.com.ar\/index.php?rest_route=\/wp\/v2\/posts\/4428\/revisions\/4430"}],"wp:featuredmedia":[{"embeddable":true,"href":"https:\/\/panoramadelsur.com.ar\/index.php?rest_route=\/wp\/v2\/media\/39574"}],"wp:attachment":[{"href":"https:\/\/panoramadelsur.com.ar\/index.php?rest_route=%2Fwp%2Fv2%2Fmedia&parent=4428"}],"wp:term":[{"taxonomy":"category","embeddable":true,"href":"https:\/\/panoramadelsur.com.ar\/index.php?rest_route=%2Fwp%2Fv2%2Fcategories&post=4428"},{"taxonomy":"post_tag","embeddable":true,"href":"https:\/\/panoramadelsur.com.ar\/index.php?rest_route=%2Fwp%2Fv2%2Ftags&post=4428"}],"curies":[{"name":"wp","href":"https:\/\/api.w.org\/{rel}","templated":true}]}}