{"id":4431,"date":"2021-05-19T01:05:00","date_gmt":"2021-05-19T04:05:00","guid":{"rendered":"http:\/\/panoramadelsur.com.ar\/?p=4431"},"modified":"2021-05-19T01:53:26","modified_gmt":"2021-05-19T04:53:26","slug":"ampliacion-en-la-escuela-primaria-n-42-de-la-rotonda","status":"publish","type":"post","link":"https:\/\/panoramadelsur.com.ar\/?p=4431","title":{"rendered":"Ampliaci\u00f3n en la Escuela Primaria N\u00b0 42 de La Rotonda"},"content":{"rendered":"\n<p>En el marco de las continuas pol\u00edticas de educaci\u00f3n inclusiva y equitativa llevadas adelante en la gesti\u00f3n del Intendente Andr\u00e9s Watson, a trav\u00e9s de la Secretar\u00eda de Obras, Servicios P\u00fablicos y Planificaci\u00f3n Urbana municipal se est\u00e1 construyendo un sal\u00f3n de usos m\u00faltiples en la&nbsp;Escuela Primaria N\u00ba 42 del barrio La Rotonda.&nbsp;<\/p>\n\n\n\n<p>El sal\u00f3n, de 175 metros cuadrados cubiertos, se ejecuta en conjunto con las dependencias de servicio, cocina del tipo gastron\u00f3mica, espacios de guardado de mercader\u00eda, sanitarios diferenciados para personal docente, alumnos y personas con movilidad reducida.<\/p>\n\n\n\n<p>Estas tareas aumentar\u00e1n de 56 metros cuadrados de construcci\u00f3n, a un total de 231 cubiertos de obra y 45 metros cuadrados semicubiertos de acceso al Sal\u00f3n de Usos M\u00faltiples.<\/p>\n","protected":false},"excerpt":{"rendered":"<p>En el<\/p>\n","protected":false},"author":1,"featured_media":39574,"comment_status":"open","ping_status":"open","sticky":false,"template":"","format":"standard","meta":{"footnotes":""},"categories":[3],"tags":[],"class_list":["post-4431","post","type-post","status-publish","format-standard","has-post-thumbnail","hentry","category-regionales"],"_links":{"self":[{"href":"https:\/\/panoramadelsur.com.ar\/index.php?rest_route=\/wp\/v2\/posts\/4431","targetHints":{"allow":["GET"]}}],"collection":[{"href":"https:\/\/panoramadelsur.com.ar\/index.php?rest_route=\/wp\/v2\/posts"}],"about":[{"href":"https:\/\/panoramadelsur.com.ar\/index.php?rest_route=\/wp\/v2\/types\/post"}],"author":[{"embeddable":true,"href":"https:\/\/panoramadelsur.com.ar\/index.php?rest_route=\/wp\/v2\/users\/1"}],"replies":[{"embeddable":true,"href":"https:\/\/panoramadelsur.com.ar\/index.php?rest_route=%2Fwp%2Fv2%2Fcomments&post=4431"}],"version-history":[{"count":1,"href":"https:\/\/panoramadelsur.com.ar\/index.php?rest_route=\/wp\/v2\/posts\/4431\/revisions"}],"predecessor-version":[{"id":4433,"href":"https:\/\/panoramadelsur.com.ar\/index.php?rest_route=\/wp\/v2\/posts\/4431\/revisions\/4433"}],"wp:featuredmedia":[{"embeddable":true,"href":"https:\/\/panoramadelsur.com.ar\/index.php?rest_route=\/wp\/v2\/media\/39574"}],"wp:attachment":[{"href":"https:\/\/panoramadelsur.com.ar\/index.php?rest_route=%2Fwp%2Fv2%2Fmedia&parent=4431"}],"wp:term":[{"taxonomy":"category","embeddable":true,"href":"https:\/\/panoramadelsur.com.ar\/index.php?rest_route=%2Fwp%2Fv2%2Fcategories&post=4431"},{"taxonomy":"post_tag","embeddable":true,"href":"https:\/\/panoramadelsur.com.ar\/index.php?rest_route=%2Fwp%2Fv2%2Ftags&post=4431"}],"curies":[{"name":"wp","href":"https:\/\/api.w.org\/{rel}","templated":true}]}}