{"id":4434,"date":"2021-05-19T01:56:37","date_gmt":"2021-05-19T04:56:37","guid":{"rendered":"http:\/\/panoramadelsur.com.ar\/?p=4434"},"modified":"2021-05-19T01:56:39","modified_gmt":"2021-05-19T04:56:39","slug":"daniel-binelli-este-jueves-en-acortando-distancias","status":"publish","type":"post","link":"https:\/\/panoramadelsur.com.ar\/?p=4434","title":{"rendered":"Daniel Binelli, este jueves en Acortando Distancias"},"content":{"rendered":"\n<p>Se llevar\u00e1 a cabo una nueva jornada del ciclo Acortando Distancias desde la Casa de las Culturas<br>Desde la Comuna invitaron a participar del encuentro ma\u00f1ana jueves 20 de Mayo a las 16:30 hs, donde \u00abcompartiremos la tarde con DANIEL BINELLI (Quilme\u00f1o, m\u00fasico compositor, director de orquesta y bandoneonista argentino de tango y m\u00fasica cl\u00e1sica )&#8230; Un Artista de QUILMES AL MUNDO\u00bb.<\/p>\n\n\n\n<p>Para poder participar completar el formulario<\/p>\n\n\n\n<p><a href=\"https:\/\/docs.google.com\/forms\/d\/e\/1FAIpQLSffL4_Hdc8AbpAYPbb74W3R1vr4jyUHSJH3kPL1tRU_hj-r2w\/viewform?usp=sf_link\">https:\/\/docs.google.com\/forms\/d\/e\/1FAIpQLSffL4_Hdc8AbpAYPbb74W3R1vr4jyUHSJH3kPL1tRU_hj-r2w\/viewform?usp=sf_link<\/a><\/p>\n","protected":false},"excerpt":{"rendered":"<p>Se llevar\u00e1<\/p>\n","protected":false},"author":1,"featured_media":39574,"comment_status":"open","ping_status":"open","sticky":false,"template":"","format":"standard","meta":{"footnotes":""},"categories":[11,2],"tags":[],"class_list":["post-4434","post","type-post","status-publish","format-standard","has-post-thumbnail","hentry","category-cultura","category-quilmes"],"_links":{"self":[{"href":"https:\/\/panoramadelsur.com.ar\/index.php?rest_route=\/wp\/v2\/posts\/4434","targetHints":{"allow":["GET"]}}],"collection":[{"href":"https:\/\/panoramadelsur.com.ar\/index.php?rest_route=\/wp\/v2\/posts"}],"about":[{"href":"https:\/\/panoramadelsur.com.ar\/index.php?rest_route=\/wp\/v2\/types\/post"}],"author":[{"embeddable":true,"href":"https:\/\/panoramadelsur.com.ar\/index.php?rest_route=\/wp\/v2\/users\/1"}],"replies":[{"embeddable":true,"href":"https:\/\/panoramadelsur.com.ar\/index.php?rest_route=%2Fwp%2Fv2%2Fcomments&post=4434"}],"version-history":[{"count":1,"href":"https:\/\/panoramadelsur.com.ar\/index.php?rest_route=\/wp\/v2\/posts\/4434\/revisions"}],"predecessor-version":[{"id":4436,"href":"https:\/\/panoramadelsur.com.ar\/index.php?rest_route=\/wp\/v2\/posts\/4434\/revisions\/4436"}],"wp:featuredmedia":[{"embeddable":true,"href":"https:\/\/panoramadelsur.com.ar\/index.php?rest_route=\/wp\/v2\/media\/39574"}],"wp:attachment":[{"href":"https:\/\/panoramadelsur.com.ar\/index.php?rest_route=%2Fwp%2Fv2%2Fmedia&parent=4434"}],"wp:term":[{"taxonomy":"category","embeddable":true,"href":"https:\/\/panoramadelsur.com.ar\/index.php?rest_route=%2Fwp%2Fv2%2Fcategories&post=4434"},{"taxonomy":"post_tag","embeddable":true,"href":"https:\/\/panoramadelsur.com.ar\/index.php?rest_route=%2Fwp%2Fv2%2Ftags&post=4434"}],"curies":[{"name":"wp","href":"https:\/\/api.w.org\/{rel}","templated":true}]}}