{"id":44509,"date":"2023-09-08T01:05:00","date_gmt":"2023-09-08T04:05:00","guid":{"rendered":"https:\/\/panoramadelsur.com.ar\/?p=44509"},"modified":"2023-09-04T21:33:33","modified_gmt":"2023-09-05T00:33:33","slug":"gobierno-creo-programa-para-entrega-de-fertilizantes-que-beneficiara-a-77-000-pequenos-productores","status":"publish","type":"post","link":"https:\/\/panoramadelsur.com.ar\/?p=44509","title":{"rendered":"GOBIERNO CRE\u00d3 PROGRAMA PARA ENTREGA DE FERTILIZANTES QUE BENEFICIAR\u00c1 A 77.000 PEQUE\u00d1OS PRODUCTORES"},"content":{"rendered":"\n<p>El Gobierno nacional puso en marcha esta semana un programa que contempla la entrega de hasta cinco toneladas de fertilizantes a alrededor de 77.000 peque\u00f1os y medianos productores de trigo y ma\u00edz que se encuentren en situaci\u00f3n de emergencia, con una inversi\u00f3n del Estado estimada en US$ 30 millones.<\/p>\n\n\n\n<p>Con la publicaci\u00f3n de la resoluci\u00f3n 1280\/2023 en el Bolet\u00edn Oficial, el Ministerio de Econom\u00eda cre\u00f3 que el \u00abPrograma de Aporte de Nutrientes 2023\u00bb y cristaliz\u00f3 uno de los cuatro anuncios para el sector agropecuario realizados por el titular del Palacio de Hacienda y candidato a Presidente por Uni\u00f3n por la Patria (UxP), Sergio Massa, hace ocho d\u00edas.<\/p>\n\n\n\n<p>El objetivo de la iniciativa \u00abradica en brindar apoyo a peque\u00f1os y medianos productores y productoras de trigo y ma\u00edz para el incremento de las dosis medias de fertilizaci\u00f3n nitrogenada que aporten mayores rendimientos, m\u00e1s prote\u00edna en grano y reposici\u00f3n de nutrientes a los suelos, fomentando as\u00ed un incremento sostenible en los rendimientos y calidad del grano obtenido, mediante el suministro de una cantidad determinada de urea fertilizante\u201d, seg\u00fan consta en los fundamentos de la resoluci\u00f3n.<\/p>\n\n\n\n<p>As\u00ed, el Gobierno pondr\u00e1 \u201ca disposici\u00f3n de cada beneficiario que cumpla con los requisitos establecidos en la presente resoluci\u00f3n, la cantidad de hasta 100 kilogramos (kg) de fertilizante urea por hect\u00e1rea registrada en el Sistema de Informaci\u00f3n Simplificado Agr\u00edcola (SISA) para la campa\u00f1a 2022\/2023 para los cultivos de trigo y\/o trigo candeal y\/o ma\u00edz, con un tope m\u00e1ximo de 5.000 kilogramos o del remanente del cupo total en caso que \u00e9ste resultare inferior\u201d.<\/p>\n\n\n\n<p>La Secretar\u00eda de Agricultura, Ganader\u00eda y Pesca, y la cartera de Planificaci\u00f3n del Desarrollo y la de Competitividad Federal ser\u00e1n la autoridad de aplicaci\u00f3n de la norma.<\/p>\n\n\n\n<p>Al respecto, el secretario de Agricultura, Ganader\u00eda y Pesca, Juan Jos\u00e9 Bahillo, indic\u00f3 que \u00abla iniciativa del ministro de Econom\u00eda, Sergio Massa, para acompa\u00f1ar a las y los peque\u00f1os y medianos productores con la inversi\u00f3n en fertilizantes para mejorar los rendimientos de los cultivos, as\u00ed como tambi\u00e9n la adecuada reposici\u00f3n de nitr\u00f3geno y materia org\u00e1nica al suelo\u00bb.<\/p>\n\n\n\n<p>En la misma l\u00ednea, el secretario de Planificaci\u00f3n del Desarrollo y la Competitividad Federal, Jorge Neme, dijo que \u201cesto contribuir\u00e1 a una mejora en la productividad de los campos para que estos productores puedan cumplir cabalmente con su plan de fertilizaci\u00f3n. Este programa abarca un universo de 77 mil productores y va a ser un aporte para apoyar al conjunto del sector\u00bb.<\/p>\n\n\n\n<p>\u201cAl Gobierno le preocupa en general darle una mano a todo el sector agropecuario. Creemos que es un sector muy competitivo de la econom\u00eda, con una contribuci\u00f3n importante a las exportaciones, tecnolog\u00eda de punta, una profunda cultura productiva y una capacidad de innovaci\u00f3n permanente. Tanto los peque\u00f1os productores como las empresas de mayor dimensi\u00f3n\u201d, subray\u00f3 Neme.<\/p>\n\n\n\n<p>Desde el sector agropecuario, el presidente de la Federaci\u00f3n Agraria Argentina (FAA), Carlos Achetoni, dijo que \u201cpara lo que es emergencia, obviamente est\u00e1 lejos de lo que hab\u00edamos pedido nosotros, pero lo que se d\u00e9, no est\u00e1 mal\u201d.<\/p>\n\n\n\n<p>\u201cCreo que la medida tendr\u00eda que tener un mayor alcance, porque aunque no sea en mayor cantidad, tendr\u00eda que ser tambi\u00e9n para aquellos que tengan m\u00e1s de 150 hect\u00e1reas, porque el productor chico la est\u00e1 peleando igual que el que tenga m\u00e1s que eso. Es una medida en l\u00ednea de lo que tiene que ir, pero es peque\u00f1a la ayuda\u201d, agreg\u00f3 Achetoni.<\/p>\n\n\n\n<p>Entre los requisitos fijados para poder acceder al beneficio, los productores deber\u00e1n estar inscriptos en el Sistema de Informaci\u00f3n Simplificado Agr\u00edcola (SISA) y realizar una declaraci\u00f3n jurada de que para la campa\u00f1a 2023\/2024 sembraron trigo o asumen el compromiso de sembrar ma\u00edz.<\/p>\n\n\n\n<p>Por otra parte, deber\u00e1n constatar en el SISA que, hasta el 1 de julio \u00faltimo, pose\u00edan una superficie cultivada de hasta 150 hect\u00e1reas de trigo o de ma\u00edz para la campa\u00f1a anterior de 2022\/2023.<\/p>\n\n\n\n<p>La superficie que ingresen ser\u00e1 tomada en cuenta a la hora de calcular el fertilizante a entregar, mientras que, por otra parte, debe pertenecer a algunas de las zonas declaradas en emergencia agropecuaria entre el 1 de mayo de 2022 y el 31 de enero \u00faltimo para el trigo, y entre el 1 de agosto de 2022 y 30 de junio pasado para el ma\u00edz.<\/p>\n\n\n\n<p>Todos estos requisitos y la informaci\u00f3n que suministre el productor ser\u00e1n comprobados a partir de la informaci\u00f3n que aporte la Administraci\u00f3n Federal de Ingresos P\u00fablicos (AFIP), para que luego la Secretar\u00eda de Agricultura resuelva sobre la procedencia de cada una de las solicitudes, y la Subsecretar\u00eda de Planificaci\u00f3n de Desarrollo se encargue de la compra, log\u00edstica y distribuci\u00f3n del fertilizante.<\/p>\n\n\n\n<p>Entre sus considerandos, el Gobierno explic\u00f3 que \u201clas campa\u00f1as triguera y maicera 2022\/2023 estuvieron signadas por el fen\u00f3meno de La Ni\u00f1a por tercer a\u00f1o consecutivo, lo que provoc\u00f3 lluvias por debajo del promedio y la afectaci\u00f3n significativa de la producci\u00f3n nacional de estos cultivos\u00bb y que \u00ablas dosis de nitr\u00f3geno que se aplican son menores a las requeridas por los cultivos en funci\u00f3n de sus rendimientos potenciales, respondiendo a una l\u00f3gica de eficiencia econ\u00f3mica que maximiza su aprovechamiento, pero no satisface los requerimientos que maximizan su productividad ni su calidad\u201d, motivo por el cual deciden poner en funcionamiento dicho programa.<\/p>\n\n\n\n<p>Cabe recordar que la campa\u00f1a 2022\/23 de trigo y ma\u00edz finalizaron, o se encuentran a punto de hacerlo, con grandes p\u00e9rdidas como consecuencia de la sequ\u00eda, heladas temprana y tard\u00edas y repetidas olas de calor registradas en zonas productivas durante el \u00faltimo a\u00f1o.<\/p>\n\n\n\n<p>En este marco, el trigo result\u00f3 el m\u00e1s afectado, con una merma en el volumen obtenido del 44,6% hasta las 12,4 millones de toneladas, seg\u00fan datos de la Bolsa de Cereales de Buenos Aires (BCBA).<\/p>\n\n\n\n<p>En el caso del ma\u00edz, la recolecci\u00f3n que a\u00fan se encuentra en curso finalizar\u00eda con una producci\u00f3n de 34 millones de toneladas (-34,6% respecto al ciclo pasado), mientras que la siembre de la campa\u00f1a 2023\/24 comenzar\u00e1 en los pr\u00f3ximos d\u00edas.<\/p>\n","protected":false},"excerpt":{"rendered":"<p>El Gobierno<\/p>\n","protected":false},"author":1,"featured_media":39574,"comment_status":"closed","ping_status":"closed","sticky":false,"template":"","format":"standard","meta":{"footnotes":""},"categories":[4],"tags":[59],"class_list":["post-44509","post","type-post","status-publish","format-standard","has-post-thumbnail","hentry","category-nacionales","tag-nacionales"],"_links":{"self":[{"href":"https:\/\/panoramadelsur.com.ar\/index.php?rest_route=\/wp\/v2\/posts\/44509","targetHints":{"allow":["GET"]}}],"collection":[{"href":"https:\/\/panoramadelsur.com.ar\/index.php?rest_route=\/wp\/v2\/posts"}],"about":[{"href":"https:\/\/panoramadelsur.com.ar\/index.php?rest_route=\/wp\/v2\/types\/post"}],"author":[{"embeddable":true,"href":"https:\/\/panoramadelsur.com.ar\/index.php?rest_route=\/wp\/v2\/users\/1"}],"replies":[{"embeddable":true,"href":"https:\/\/panoramadelsur.com.ar\/index.php?rest_route=%2Fwp%2Fv2%2Fcomments&post=44509"}],"version-history":[{"count":1,"href":"https:\/\/panoramadelsur.com.ar\/index.php?rest_route=\/wp\/v2\/posts\/44509\/revisions"}],"predecessor-version":[{"id":44511,"href":"https:\/\/panoramadelsur.com.ar\/index.php?rest_route=\/wp\/v2\/posts\/44509\/revisions\/44511"}],"wp:featuredmedia":[{"embeddable":true,"href":"https:\/\/panoramadelsur.com.ar\/index.php?rest_route=\/wp\/v2\/media\/39574"}],"wp:attachment":[{"href":"https:\/\/panoramadelsur.com.ar\/index.php?rest_route=%2Fwp%2Fv2%2Fmedia&parent=44509"}],"wp:term":[{"taxonomy":"category","embeddable":true,"href":"https:\/\/panoramadelsur.com.ar\/index.php?rest_route=%2Fwp%2Fv2%2Fcategories&post=44509"},{"taxonomy":"post_tag","embeddable":true,"href":"https:\/\/panoramadelsur.com.ar\/index.php?rest_route=%2Fwp%2Fv2%2Ftags&post=44509"}],"curies":[{"name":"wp","href":"https:\/\/api.w.org\/{rel}","templated":true}]}}