{"id":4452,"date":"2021-05-20T01:03:00","date_gmt":"2021-05-20T04:03:00","guid":{"rendered":"http:\/\/panoramadelsur.com.ar\/?p=4452"},"modified":"2021-05-19T13:14:26","modified_gmt":"2021-05-19T16:14:26","slug":"lanus-recibira-a-la-equidad-de-colombia-por-la-copa-sudamericana","status":"publish","type":"post","link":"https:\/\/panoramadelsur.com.ar\/?p=4452","title":{"rendered":"Lan\u00fas recibir\u00e1 a La Equidad de Colombia por la Copa Sudamericana"},"content":{"rendered":"\n<p id=\"block-64c885ab-1629-4330-a69b-e74645b72887\">Lan\u00fas recibir\u00e1 este jueves a La Equidad, de Colombia, en el cruce de escoltas del grupo H de la Copa Sudamericana, a la espera de un tropiezo de Gremio, de Brasil, l\u00edder con puntaje ideal.<\/p>\n\n\n\n<p id=\"block-c086d7c7-c519-4126-9172-4ca568bf502d\">El partido correspondiente a la quinta fecha se disputar\u00e1 desde las 21.30 en el estadio La Fortaleza, de Lan\u00fas, con el uruguayo Gustavo Tejera como \u00e1rbitro y ser\u00e1 televisado por ESPN 2 y Directv Sports.<\/p>\n\n\n\n<p id=\"block-7a6e883b-c8b8-4150-9289-0a11f251ec77\">El \u00abgranate\u00bb, subcampe\u00f3n de la \u00faltima edici\u00f3n, perdi\u00f3 la semana pasada contra Gremio por 3-1, en Porto Alegre, y complic\u00f3 sus posibilidades de seguir en el torneo ya que depende de una combinaci\u00f3n de resultados para clasificar a los octavos de final.<\/p>\n\n\n\n<p id=\"block-b965d3c9-daa0-4176-a20a-8a20037aa68d\">Lo primero que necesita Lan\u00fas para llegar a la \u00faltima fecha con chances es ganar y luego esperar un tropiezo de Gremio, que a la misma hora jugar\u00e1 en Venezuela contra Aragua, el peor equipo de la zona.<\/p>\n\n\n\n<p id=\"block-b62e1cce-3790-47e4-bceb-371c249d61fd\">El entrenador Luis Zubeld\u00eda nuevamente tendr\u00e1 inconvenientes para armar el mediocampo ya que Tom\u00e1s \u00abToto\u00bb Belmonte qued\u00f3 descartado por la lesi\u00f3n en el hombro que sufri\u00f3 contra Talleres en la \u00faltima fecha de la Copa de la Liga Profesional y Facundo Quignon sigue en conflicto por la no renovaci\u00f3n del contrato que vence el pr\u00f3ximo 30 de junio.<\/p>\n\n\n\n<p id=\"block-e584f738-c87b-4a1b-b2a5-2f108d819e75\">La buena es que recupera a Facundo P\u00e9rez, quien cumpli\u00f3 la fecha de suspensi\u00f3n por acumulaci\u00f3n de tarjetas amarillas.<\/p>\n\n\n\n<p id=\"block-3d5c3c1e-2bda-4f93-adff-50f48f18d5f3\">La Equidad le gan\u00f3 el jueves pasado a Aragua por 2-1 en Venezuela y si bien todav\u00eda tiene chances matem\u00e1ticas su objetivo es el torneo colombiano donde elimin\u00f3 a principios de mes a Atl\u00e9tico Nacional y est\u00e1 a la espera de la reanudaci\u00f3n tras la suspensi\u00f3n por la crisis social para conocer a su rival en las semifinales.<\/p>\n\n\n\n<p id=\"block-0cb92523-6e2a-4a91-b522-512c15c93af0\">&#8211; Probables Formaciones &#8211;<\/p>\n\n\n\n<p id=\"block-1b51cc41-311f-419e-a129-bce4d8139a43\">Lan\u00fas: Lautaro Morales; Braian Aguirre, Nicol\u00e1s Burdisso, Alexis P\u00e9rez y Alexandro Bernabei; Pedro De La Vega, Facundo P\u00e9rez, Juli\u00e1n Aude o Mat\u00edas Esquivel y Lautaro Acosta; Nicol\u00e1s Orsini y Jos\u00e9 Sand. DT: Luis Zubeld\u00eda.<\/p>\n\n\n\n<p id=\"block-5c705094-1694-4594-b445-ff457d6a3601\">La Equidad: Sergio Rom\u00e1n; Jos\u00e9 Hern\u00e1ndez, John Garc\u00eda, Jean Fuentes y Andr\u00e9s Correa; Hansel Zapata, Stalin Motta, Juan Colina y Kevin Salazar; Carlos Rodr\u00edguez; y Omar Duarte. DT: Alexis Garc\u00eda.<\/p>\n\n\n\n<p id=\"block-94e9ea61-35e9-4d49-834c-f7f5bf3bb34a\">Arbitro: Gustavo Tejera, de Uruguay.<\/p>\n\n\n\n<p id=\"block-edba7a7e-7482-49bf-9566-e7456e4c2cfe\">Cancha: Lan\u00fas.<\/p>\n\n\n\n<p id=\"block-6835df5b-d09a-4907-9a32-bb4c7a99bf46\">Hora de inicio: 21.30<\/p>\n\n\n\n<p id=\"block-eadd419c-6ac8-438e-980d-078aa90493cd\">TV: ESPN 2 y Directv Sports.<\/p>\n","protected":false},"excerpt":{"rendered":"<p>Lan\u00fas recibir\u00e1<\/p>\n","protected":false},"author":1,"featured_media":39574,"comment_status":"open","ping_status":"open","sticky":false,"template":"","format":"standard","meta":{"footnotes":""},"categories":[6],"tags":[],"class_list":["post-4452","post","type-post","status-publish","format-standard","has-post-thumbnail","hentry","category-deportes"],"_links":{"self":[{"href":"https:\/\/panoramadelsur.com.ar\/index.php?rest_route=\/wp\/v2\/posts\/4452","targetHints":{"allow":["GET"]}}],"collection":[{"href":"https:\/\/panoramadelsur.com.ar\/index.php?rest_route=\/wp\/v2\/posts"}],"about":[{"href":"https:\/\/panoramadelsur.com.ar\/index.php?rest_route=\/wp\/v2\/types\/post"}],"author":[{"embeddable":true,"href":"https:\/\/panoramadelsur.com.ar\/index.php?rest_route=\/wp\/v2\/users\/1"}],"replies":[{"embeddable":true,"href":"https:\/\/panoramadelsur.com.ar\/index.php?rest_route=%2Fwp%2Fv2%2Fcomments&post=4452"}],"version-history":[{"count":1,"href":"https:\/\/panoramadelsur.com.ar\/index.php?rest_route=\/wp\/v2\/posts\/4452\/revisions"}],"predecessor-version":[{"id":4454,"href":"https:\/\/panoramadelsur.com.ar\/index.php?rest_route=\/wp\/v2\/posts\/4452\/revisions\/4454"}],"wp:featuredmedia":[{"embeddable":true,"href":"https:\/\/panoramadelsur.com.ar\/index.php?rest_route=\/wp\/v2\/media\/39574"}],"wp:attachment":[{"href":"https:\/\/panoramadelsur.com.ar\/index.php?rest_route=%2Fwp%2Fv2%2Fmedia&parent=4452"}],"wp:term":[{"taxonomy":"category","embeddable":true,"href":"https:\/\/panoramadelsur.com.ar\/index.php?rest_route=%2Fwp%2Fv2%2Fcategories&post=4452"},{"taxonomy":"post_tag","embeddable":true,"href":"https:\/\/panoramadelsur.com.ar\/index.php?rest_route=%2Fwp%2Fv2%2Ftags&post=4452"}],"curies":[{"name":"wp","href":"https:\/\/api.w.org\/{rel}","templated":true}]}}