{"id":44597,"date":"2023-09-08T01:05:00","date_gmt":"2023-09-08T04:05:00","guid":{"rendered":"https:\/\/panoramadelsur.com.ar\/?p=44597"},"modified":"2023-09-05T02:37:04","modified_gmt":"2023-09-05T05:37:04","slug":"variada-agenda-de-la-diocesis-de-quilmes-para-septiembre","status":"publish","type":"post","link":"https:\/\/panoramadelsur.com.ar\/?p=44597","title":{"rendered":"VARIADA AGENDA DE LA DI\u00d3CESIS DE QUILMES PARA SEPTIEMBRE"},"content":{"rendered":"\n<p>La Di\u00f3cesis de Quilmes difundi\u00f3 la agenda de las&nbsp;actividades y celebraciones m\u00e1s importantes de septiembre, con una ampliaci\u00f3n, en las que se destaca la Peregrinaci\u00f3n diocesana a Luj\u00e1n, el aniversario de la Di\u00f3cesis, la fiesta de la Exaltaci\u00f3n de la Santa Cruz y la Jornada Biblica Diocesana.<\/p>\n\n\n\n<p>A continuaci\u00f3n, el detalle de las&nbsp;fechas destacadas&nbsp;en la vida de la Iglesia diocesana<\/p>\n\n\n\n<p><strong>&#8211;&nbsp;<u>Jornada de la Vida Consagranda<\/u>:<\/strong>&nbsp;Ser\u00e1 el&nbsp;viernes 08 de septiembre, Natividad de la Virgen Mar\u00eda, a las 17.30 en la Parroquia Nuestra Se\u00f1ora de Lourdes (Av. Calchaqu\u00ed 1371, Quilmes Oeste)<\/p>\n\n\n\n<p><strong>&#8211;&nbsp;<u>Aniversario de Radio Novak<\/u>:<\/strong>&nbsp;El&nbsp;viernes 08 de septiembre&nbsp;se recuerda su 7\u00ba aniversario. La radio se puede sintonizar en FM 91.1 o a trav\u00e9s del sitio&nbsp;<a href=\"https:\/\/envios.obisquil.org.ar\/c\/kqddqq\/134vmivh\/j2yioj2urvu\" target=\"_blank\" rel=\"noreferrer noopener\">www.obisquil.org.ar<\/a><\/p>\n\n\n\n<p><strong>&#8211;&nbsp;<u>Colecta Nacional&nbsp;<em>\u00abM\u00e1s por Menos\u00bb<\/em><\/u>:<\/strong>&nbsp;Se realizar\u00e1 en todas las iglesias del pa\u00eds el fin de semana del&nbsp;09 y 10 de septiembre, para ayudar a paliar las dificultades de gran parte de la poblaci\u00f3n del interior, especialmente aquella que se encuentra marginada en las zonas m\u00e1s pobres de Argentina<\/p>\n\n\n\n<p><strong>&#8211;&nbsp;<u>Peregrinaci\u00f3n diocesana a Luj\u00e1n<\/u>:<\/strong>&nbsp;La realizaremos el&nbsp;domingo 10 de septiembre. Ser\u00e1 la 45\u00aa edici\u00f3n de esta fiesta diocesana, que tendr\u00e1 por lema&nbsp;<em>\u00abQue tu manto nos cobije, Virgencita de Luj\u00e1n\u00bb<\/em>. A las 10.00 compartiremos la&nbsp;<strong>Misa&nbsp;<\/strong>frente a la Bas\u00edlica (se transmitir\u00e1 por&nbsp;<a href=\"https:\/\/envios.obisquil.org.ar\/c\/kqddqq\/134vmivh\/ewbejn55a0c\" target=\"_blank\" rel=\"noreferrer noopener\">Youtube.com\/DiocesisQuilmesOficial<\/a>). Luego&nbsp;<strong>almuerzo y<\/strong><strong>Fiesta Popular<\/strong>&nbsp;en el predio de los Maristas, y a las 16.00 h&nbsp;<strong>Rosario y bendici\u00f3n final<\/strong>.<\/p>\n\n\n\n<p><strong>&#8211;&nbsp;<u>Cumplea\u00f1os del Padre Obispo Carlos Tissera<\/u>:<\/strong>&nbsp;Celebramos su 72\u00ba cumplea\u00f1os el&nbsp;domingo 10 de septiembre.<\/p>\n\n\n\n<p><strong>&#8211;&nbsp;<u>Fiesta de la Exaltaci\u00f3n de la Santa Cruz<\/u>:<\/strong>&nbsp;El&nbsp;jueves 14 de septiembre&nbsp;la Di\u00f3cesis de Quilmes celebra su&nbsp;<strong>fiesta patronal secundaria<\/strong>.<\/p>\n\n\n\n<p><strong>&#8211;&nbsp;<u>Jornada Nacional de Oraci\u00f3n y Reflexi\u00f3n con la Trata de Persona<\/u>:<\/strong>&nbsp;Ser\u00e1 el&nbsp;domingo 17 de septiembre&nbsp;convocada por la Conferencia Episcopal Argentina<\/p>\n\n\n\n<p><strong>&#8211;&nbsp;<u>Aniversario de la Di\u00f3cesis de Quilmes<\/u>:<\/strong>&nbsp;El&nbsp;martes 19 de septiembre&nbsp;celebramos sus 47 a\u00f1os y recordamos el aniversario de consagraci\u00f3n episcopal del Siervo de Dios Jorge Novak svd, primer Obispo de Quilmes.<\/p>\n\n\n\n<p><strong>&#8211;&nbsp;<u>Misa de los educadores y entrega de las distinciones&nbsp;<em>\u00abPadre Obispo Jorge Novak\u00bb<\/em><\/u>:<\/strong>&nbsp;Ser\u00e1 el&nbsp;martes 19 de septiembre&nbsp;a las 19.00 h en la Iglesia Catedral (Rivadavia 355, Quilmes). La misa ser\u00e1 presidida por el Padre Obispo Carlos Jos\u00e9 Tissera.<\/p>\n\n\n\n<p><strong>&#8211;&nbsp;<u>Jornada Mundial del Migrante y Refugiado<\/u>:<\/strong>&nbsp;Unidos a la Iglesia Universal lo celebramos el&nbsp;domingo 24 de septiembre.<\/p>\n\n\n\n<p><strong>&#8211;&nbsp;<u>Encuentro Diocesano de las Comunidades Eclesiales de Base (CEBs)<\/u>:<\/strong>&nbsp;Se celebrar\u00e1 el&nbsp;domingo 24 de septiembre&nbsp;entre las 14.30 y las 18.00 en la Parroquia Nuestra Se\u00f1ora de las Lagrimas (Calle 829 N\u00ba 1870, San Francisco Solano).<\/p>\n\n\n\n<p><strong>&#8211;&nbsp;<u>Fiesta por los 40 a\u00f1os de C\u00e1ritas Quilmes<\/u>:<\/strong>&nbsp;Ser\u00e1 el&nbsp;viernes 29 de septiembre&nbsp;de 17.30 a 22.00 h en Av. La Plata 850, Quilmes (Predio del sindicato UOYEP).<\/p>\n","protected":false},"excerpt":{"rendered":"<p>La Di\u00f3cesis<\/p>\n","protected":false},"author":1,"featured_media":39574,"comment_status":"closed","ping_status":"closed","sticky":false,"template":"","format":"standard","meta":{"footnotes":""},"categories":[2],"tags":[60,17],"class_list":["post-44597","post","type-post","status-publish","format-standard","has-post-thumbnail","hentry","category-quilmes","tag-diocesis","tag-quilmes"],"_links":{"self":[{"href":"https:\/\/panoramadelsur.com.ar\/index.php?rest_route=\/wp\/v2\/posts\/44597","targetHints":{"allow":["GET"]}}],"collection":[{"href":"https:\/\/panoramadelsur.com.ar\/index.php?rest_route=\/wp\/v2\/posts"}],"about":[{"href":"https:\/\/panoramadelsur.com.ar\/index.php?rest_route=\/wp\/v2\/types\/post"}],"author":[{"embeddable":true,"href":"https:\/\/panoramadelsur.com.ar\/index.php?rest_route=\/wp\/v2\/users\/1"}],"replies":[{"embeddable":true,"href":"https:\/\/panoramadelsur.com.ar\/index.php?rest_route=%2Fwp%2Fv2%2Fcomments&post=44597"}],"version-history":[{"count":1,"href":"https:\/\/panoramadelsur.com.ar\/index.php?rest_route=\/wp\/v2\/posts\/44597\/revisions"}],"predecessor-version":[{"id":44599,"href":"https:\/\/panoramadelsur.com.ar\/index.php?rest_route=\/wp\/v2\/posts\/44597\/revisions\/44599"}],"wp:featuredmedia":[{"embeddable":true,"href":"https:\/\/panoramadelsur.com.ar\/index.php?rest_route=\/wp\/v2\/media\/39574"}],"wp:attachment":[{"href":"https:\/\/panoramadelsur.com.ar\/index.php?rest_route=%2Fwp%2Fv2%2Fmedia&parent=44597"}],"wp:term":[{"taxonomy":"category","embeddable":true,"href":"https:\/\/panoramadelsur.com.ar\/index.php?rest_route=%2Fwp%2Fv2%2Fcategories&post=44597"},{"taxonomy":"post_tag","embeddable":true,"href":"https:\/\/panoramadelsur.com.ar\/index.php?rest_route=%2Fwp%2Fv2%2Ftags&post=44597"}],"curies":[{"name":"wp","href":"https:\/\/api.w.org\/{rel}","templated":true}]}}