{"id":44660,"date":"2023-09-08T02:06:29","date_gmt":"2023-09-08T05:06:29","guid":{"rendered":"https:\/\/panoramadelsur.com.ar\/?p=44660"},"modified":"2023-09-08T02:06:29","modified_gmt":"2023-09-08T05:06:29","slug":"rossi-llamo-a-aumentar-el-poder-adquisitivo-y-apunto-contra-macri-que-intenta-volver-con-milei","status":"publish","type":"post","link":"https:\/\/panoramadelsur.com.ar\/?p=44660","title":{"rendered":"ROSSI LLAM\u00d3 A \u00abAUMENTAR EL PODER ADQUISITIVO\u00bb Y APUNT\u00d3 CONTRA MACRI QUE \u00abINTENTA VOLVER\u00bb CON MILEI"},"content":{"rendered":"\n<p>El jefe de Gabinete y candidato a vicepresidente de Uni\u00f3n por la Patria (UxP), Agust\u00edn Rossi, encabez\u00f3 una recorrida por el partido bonaerense de San Miguel donde remarc\u00f3 que \u00abnuestro compromiso para los pr\u00f3ximos cuatro a\u00f1os es aumentar el poder adquisitivo del salario\u00bb y afirm\u00f3 que el exmandatario Mauricio Macri \u00abintenta volver al poder de la mano de (Javier) Milei\u00bb.<\/p>\n\n\n\n<p>Durante un encuentro con militantes realizado ayer por la tarde en el Ateneo N\u00e9stor Kirchner, Rossi record\u00f3 una visita anterior a San Miguel, en 2017 y dijo que \u00abera un tiempo de resistencia al macrismo, cuando algunos dec\u00edan que se iban a quedar muchos a\u00f1os\u00bb.<\/p>\n\n\n\n<p>\u00abPero fracasaron rotundamente\u00bb, rese\u00f1\u00f3 el jefe de Gabinete, \u00aby (el expresidente Mauricio) Macri ahora intenta volver al poder de la mano de Milei, el candidato de la ultraderecha, que se presenta como algo nuevo pero es parte de lo viejo\u00bb, complet\u00f3.<\/p>\n\n\n\n<p>Rossi sostuvo que el principal objetivo del oficialismo \u00abhoy y en los pr\u00f3ximos cuatro a\u00f1os es devolverle poder adquisitivo a los salarios de trabajadoras y trabajadores, mientras ni (Patricia) Bullrich ni (Javier) Milei dicen una palabra sobre los laburantes\u00bb.<\/p>\n\n\n\n<p>Y subray\u00f3 que \u00abmientras Sergio Massa gestiona obras como el Gasoducto N\u00e9stor Kirchner y planifica acciones para el desarrollo, la oposici\u00f3n habla de ajuste, que es sin\u00f3nimo de bajar salarios y jubilaciones\u00bb.<\/p>\n\n\n\n<p>Tambi\u00e9n marc\u00f3 con claridad las diferencias con la oposici\u00f3n en las pol\u00edticas educativas: \u00abNosotros estamos orgullosos de las universidades del conurbano, que est\u00e1n llenas de pibas y pibes que forjan un futuro, y ellos piensan como Mar\u00eda Eugenia Vidal: que los pobres no pueden ni deben llegar a la universidad\u00bb.<\/p>\n\n\n\n<p>\u00abEn nuestro espacio pol\u00edtico demos el debate que nos conduzca a encontrar el mecanismo para que los derechos adquiridos de los trabajadores registrados puedan empezar a ser percibidos por los monotributistas y adem\u00e1s reconocer con un salario a quienes realizan tareas de cuidado, que son fundamentalmente las mujeres\u00bb, exhort\u00f3 el jefe de Gabinete.<\/p>\n\n\n\n<p>Rossi estuvo acompa\u00f1ado en el acto, entre otros, por Juan Jos\u00e9 Castro, presidente del Partido Justicialista local y candidato a intendente de San Miguel; Santiago Fidanza, subsecretario de Organizaci\u00f3n Comunitaria de la provincia de Buenos Aires; y Facundo Olivera, titular de la Unidad Gabinete de Asesores de la Jefatura de Gabinete.<\/p>\n\n\n\n<p>Por la ma\u00f1ana, el jefe de Gabinete recorri\u00f3 la f\u00e1brica de tapas y frascos pl\u00e1sticos y accesorios para la industria farmac\u00e9utica Mangone junto a los due\u00f1os de la empresa, Domingo Mangone padre e hijo.<\/p>\n\n\n\n<p>\u00abEs necesario poner en valor el rol de los industriales argentinos que deciden reinvertir una y otra vez en lugar de apostar por la especulaci\u00f3n financiera\u00bb, expres\u00f3 Rossi tras visitar la compa\u00f1\u00eda fundada en 1980 y cuya planta recientemente fue ampliada a m\u00e1s de 10.000 metros cuadrados cubiertos.<\/p>\n\n\n\n<p>M\u00e1s tarde, en la Parroquia San Pedro Claver -fundada por el papa Francisco hace 42 a\u00f1os- el jefe de Gabinete fue recibido por el padre Marcos y el titular del PAMI de San Miguel, Ciro Ebi.<\/p>\n\n\n\n<p>All\u00ed dialog\u00f3 con cerca de 200 jubilados, muchos de los cuales lograron acceder a la jubilaci\u00f3n en diferentes moratorias o como amas de casa.<\/p>\n\n\n\n<p>Los convoc\u00f3 \u00aba votar en defensa propia y para defender los derechos adquiridos\u00bb y a\u00f1adi\u00f3 en la misma l\u00ednea: \u00abNo solamente tenemos que ir por todo lo que falta, vamos a seguir defendiendo cada uno de los derechos conquistados, como el programa de entrega de medicamentos gratuitos del PAMI, que es tan importante para nuestros adultos mayores\u00bb. <\/p>\n","protected":false},"excerpt":{"rendered":"<p>El jefe<\/p>\n","protected":false},"author":1,"featured_media":39574,"comment_status":"closed","ping_status":"closed","sticky":false,"template":"","format":"standard","meta":{"footnotes":""},"categories":[4],"tags":[388,59],"class_list":["post-44660","post","type-post","status-publish","format-standard","has-post-thumbnail","hentry","category-nacionales","tag-agustin-rossi","tag-nacionales"],"_links":{"self":[{"href":"https:\/\/panoramadelsur.com.ar\/index.php?rest_route=\/wp\/v2\/posts\/44660","targetHints":{"allow":["GET"]}}],"collection":[{"href":"https:\/\/panoramadelsur.com.ar\/index.php?rest_route=\/wp\/v2\/posts"}],"about":[{"href":"https:\/\/panoramadelsur.com.ar\/index.php?rest_route=\/wp\/v2\/types\/post"}],"author":[{"embeddable":true,"href":"https:\/\/panoramadelsur.com.ar\/index.php?rest_route=\/wp\/v2\/users\/1"}],"replies":[{"embeddable":true,"href":"https:\/\/panoramadelsur.com.ar\/index.php?rest_route=%2Fwp%2Fv2%2Fcomments&post=44660"}],"version-history":[{"count":1,"href":"https:\/\/panoramadelsur.com.ar\/index.php?rest_route=\/wp\/v2\/posts\/44660\/revisions"}],"predecessor-version":[{"id":44662,"href":"https:\/\/panoramadelsur.com.ar\/index.php?rest_route=\/wp\/v2\/posts\/44660\/revisions\/44662"}],"wp:featuredmedia":[{"embeddable":true,"href":"https:\/\/panoramadelsur.com.ar\/index.php?rest_route=\/wp\/v2\/media\/39574"}],"wp:attachment":[{"href":"https:\/\/panoramadelsur.com.ar\/index.php?rest_route=%2Fwp%2Fv2%2Fmedia&parent=44660"}],"wp:term":[{"taxonomy":"category","embeddable":true,"href":"https:\/\/panoramadelsur.com.ar\/index.php?rest_route=%2Fwp%2Fv2%2Fcategories&post=44660"},{"taxonomy":"post_tag","embeddable":true,"href":"https:\/\/panoramadelsur.com.ar\/index.php?rest_route=%2Fwp%2Fv2%2Ftags&post=44660"}],"curies":[{"name":"wp","href":"https:\/\/api.w.org\/{rel}","templated":true}]}}