{"id":44663,"date":"2023-09-08T02:27:05","date_gmt":"2023-09-08T05:27:05","guid":{"rendered":"https:\/\/panoramadelsur.com.ar\/?p=44663"},"modified":"2023-09-08T02:27:06","modified_gmt":"2023-09-08T05:27:06","slug":"la-cantidad-de-asalariados-privados-bonaerenses-crecio-35-interanual","status":"publish","type":"post","link":"https:\/\/panoramadelsur.com.ar\/?p=44663","title":{"rendered":"LA CANTIDAD DE ASALARIADOS PRIVADOS BONAERENSES CRECI\u00d3 3,5% INTERANUAL"},"content":{"rendered":"\n<p>La cantidad de asalariados y asalariadas del sector privado en el \u00e1mbito de la provincia de Buenos Aires creci\u00f3 3,5% interanual, inform\u00f3 el ministro de Hacienda y Finanzas bonaerense, Pablo L\u00f3pez.<\/p>\n\n\n\n<p>\u00ab\u00a1La Provincia lleva 27 meses consecutivos de crecimiento en el empleo asalariado registrado privado!\u201d, destac\u00f3 el funcionario bonaerense en su perfil de la red social X.<\/p>\n\n\n\n<p>L\u00f3pez precis\u00f3 que desde que asumi\u00f3 la actual gesti\u00f3n provincial se incorporaron a esta modalidad ocupacional \u201cm\u00e1s de 132 mil bonaerenses\u201d.<\/p>\n\n\n\n<p>Adem\u00e1s, detall\u00f3 que el sector comercio \u201ccontin\u00faa liderando el crecimiento del empleo asalariado privado\u201d y agreg\u00f3 que \u201cde los cerca de 65 mil nuevos puestos creados en los \u00faltimos 12 meses, este sector aport\u00f3 m\u00e1s de 19.400 (29,8% de participaci\u00f3n)\u201d.<\/p>\n\n\n\n<p>\u201cEl crecimiento del empleo asalariado formal privado es fundamental para garantizar el desarrollo inclusivo de la Provincia\u201d, subray\u00f3 el economista y a\u00f1adi\u00f3 que \u201cel crecimiento es generalizado en todo el pa\u00eds y la Provincia es protagonista\u201d.<\/p>\n\n\n\n<p>El ministro indic\u00f3 que, en relaci\u00f3n a diciembre de 2019, se registraron 380 mil nuevos asalariados\/as en el sector privado nacional y que la provincia de Buenos Aires introdujo \u201calrededor del 35% de ese crecimiento\u201d.<\/p>\n\n\n\n<p>En l\u00ednea con esas cifras, se\u00f1al\u00f3 que, en t\u00e9rminos nacionales, el empleo registrado en el sector privado tambi\u00e9n redonde\u00f3 su 27\u00b0 mes de crecimiento interanual.<\/p>\n\n\n\n<p>\u201cEn el 1\u00b0 semestre del a\u00f1o, la cantidad de personas bajo esta modalidad ocupacional creci\u00f3 4% en relaci\u00f3n al a\u00f1o anterior, lo que equivale a +98.000 nuevos asalariados\/as\u201d, se\u00f1al\u00f3 L\u00f3pez y agreg\u00f3 que \u201cla expansi\u00f3n del empleo a nivel nacional es generalizada por sector econ\u00f3mico\u201d.<\/p>\n\n\n\n<p>En este sentido, detall\u00f3 que, \u201cen junio, 12 de los 14 bloques de actividad presentaron crecimiento interanual y comienzan a verse signos de normalizaci\u00f3n en la actividad agropecuaria, afectada por la sequ\u00eda\u201d.<\/p>\n\n\n\n<p>Finalmente destac\u00f3 que el Gobierno de la provincia impulsa \u201cun modelo de Estado que acompa\u00f1a a la actividad econ\u00f3mica provincial y favorece la generaci\u00f3n de puestos de trabajo\u201d. <\/p>\n","protected":false},"excerpt":{"rendered":"<p>La cantidad<\/p>\n","protected":false},"author":1,"featured_media":39574,"comment_status":"closed","ping_status":"closed","sticky":false,"template":"","format":"standard","meta":{"footnotes":""},"categories":[5],"tags":[28,27],"class_list":["post-44663","post","type-post","status-publish","format-standard","has-post-thumbnail","hentry","category-provincia","tag-gba","tag-provincia"],"_links":{"self":[{"href":"https:\/\/panoramadelsur.com.ar\/index.php?rest_route=\/wp\/v2\/posts\/44663","targetHints":{"allow":["GET"]}}],"collection":[{"href":"https:\/\/panoramadelsur.com.ar\/index.php?rest_route=\/wp\/v2\/posts"}],"about":[{"href":"https:\/\/panoramadelsur.com.ar\/index.php?rest_route=\/wp\/v2\/types\/post"}],"author":[{"embeddable":true,"href":"https:\/\/panoramadelsur.com.ar\/index.php?rest_route=\/wp\/v2\/users\/1"}],"replies":[{"embeddable":true,"href":"https:\/\/panoramadelsur.com.ar\/index.php?rest_route=%2Fwp%2Fv2%2Fcomments&post=44663"}],"version-history":[{"count":1,"href":"https:\/\/panoramadelsur.com.ar\/index.php?rest_route=\/wp\/v2\/posts\/44663\/revisions"}],"predecessor-version":[{"id":44665,"href":"https:\/\/panoramadelsur.com.ar\/index.php?rest_route=\/wp\/v2\/posts\/44663\/revisions\/44665"}],"wp:featuredmedia":[{"embeddable":true,"href":"https:\/\/panoramadelsur.com.ar\/index.php?rest_route=\/wp\/v2\/media\/39574"}],"wp:attachment":[{"href":"https:\/\/panoramadelsur.com.ar\/index.php?rest_route=%2Fwp%2Fv2%2Fmedia&parent=44663"}],"wp:term":[{"taxonomy":"category","embeddable":true,"href":"https:\/\/panoramadelsur.com.ar\/index.php?rest_route=%2Fwp%2Fv2%2Fcategories&post=44663"},{"taxonomy":"post_tag","embeddable":true,"href":"https:\/\/panoramadelsur.com.ar\/index.php?rest_route=%2Fwp%2Fv2%2Ftags&post=44663"}],"curies":[{"name":"wp","href":"https:\/\/api.w.org\/{rel}","templated":true}]}}