{"id":44669,"date":"2023-09-08T02:43:07","date_gmt":"2023-09-08T05:43:07","guid":{"rendered":"https:\/\/panoramadelsur.com.ar\/?p=44669"},"modified":"2023-09-08T02:43:07","modified_gmt":"2023-09-08T05:43:07","slug":"el-nivel-de-actividad-de-la-industria-retrocedio-en-julio-39-interanual","status":"publish","type":"post","link":"https:\/\/panoramadelsur.com.ar\/?p=44669","title":{"rendered":"EL NIVEL DE ACTIVIDAD DE LA INDUSTRIA RETROCEDI\u00d3 EN JULIO 3,9% INTERANUAL"},"content":{"rendered":"\n<p>El nivel de actividad de la industria retrocedi\u00f3 en julio 3,9% en relaci\u00f3n a igual mes del a\u00f1o pasado, mientras que en la construcci\u00f3n cay\u00f3 5,8% en similar per\u00edodo, inform\u00f3 el Instituto Nacional de Estad\u00edstica y Censos (Indec).<\/p>\n\n\n\n<p>Respecto a junio pasado, el \u00edndice de producci\u00f3n industrial manufacturero (IPI manufacturero) mostr\u00f3 una ca\u00edda de 1,2%, mientras que el acumulado enero-julio del corriente a\u00f1o sigue con n\u00fameros positivos, con un incremento de 0,5%.<\/p>\n\n\n\n<p>Por su parte, el indicador sint\u00e9tico de la actividad de la construcci\u00f3n (ISAC) dio cuenta que el acumulado de los siete meses de 2023 reflej\u00f3 una baja de 2,6% respecto a igual per\u00edodo de 2022.<\/p>\n\n\n\n<p>En cambio, el \u00edndice de la serie desestacionalizada mostr\u00f3 una variaci\u00f3n positiva de 1,1% respecto al mes anterior y el \u00edndice serie tendencia-ciclo registra una suba de 0,5% respecto al mes anterior<\/p>\n\n\n\n<p>La baja de la producci\u00f3n industrial durante julio se dio en un marco heterog\u00e9neo, ya que 10 de las 16 divisiones que componen el \u00edndice reflejaron ca\u00eddas en el cotejo interanual.<\/p>\n\n\n\n<p>En orden a su incidencia en el nivel general, se registraron ca\u00eddas en \u201cAlimentos y bebidas\u201d, 6,1%; \u201cMaquinaria y equipo\u201d, 13,5%; \u201cOtros equipos, aparatos e instrumentos\u201d, 20,7%; \u201cIndustrias met\u00e1licas b\u00e1sicas\u201d, 9,9%; \u201cMadera, papel, edici\u00f3n e impresi\u00f3n\u201d, 3,1%; \u201cProductos minerales no met\u00e1licos\u201d, 3,9%; \u201cProductos de metal\u201d, 4,6%; \u201cVeh\u00edculos automotores, carrocer\u00edas, remolques y autopartes\u201d, 2,8%; \u201cOtro equipo de transporte\u201d, 3,8%; y \u201cMuebles y colchones, y otras industrias manufactureras\u201d, 0,4%.<\/p>\n\n\n\n<p>Por su parte, mostraron subas las divisiones de \u201cPrendas de vestir, cuero y calzado\u201d, 15,7%; \u201cProductos textiles\u201d, 5,7%; \u201cRefinaci\u00f3n del petr\u00f3leo, coque y combustible nuclear\u201d, 3,6%; \u201cSustancias y productos qu\u00edmicos\u201d, 0,8%; \u201cProductos de caucho y pl\u00e1stico\u201d, 2,4%; y \u201cProductos de tabaco\u201d, 0,2%.<\/p>\n","protected":false},"excerpt":{"rendered":"<p>El nivel<\/p>\n","protected":false},"author":1,"featured_media":39574,"comment_status":"closed","ping_status":"closed","sticky":false,"template":"","format":"standard","meta":{"footnotes":""},"categories":[4],"tags":[84,59],"class_list":["post-44669","post","type-post","status-publish","format-standard","has-post-thumbnail","hentry","category-nacionales","tag-indec","tag-nacionales"],"_links":{"self":[{"href":"https:\/\/panoramadelsur.com.ar\/index.php?rest_route=\/wp\/v2\/posts\/44669","targetHints":{"allow":["GET"]}}],"collection":[{"href":"https:\/\/panoramadelsur.com.ar\/index.php?rest_route=\/wp\/v2\/posts"}],"about":[{"href":"https:\/\/panoramadelsur.com.ar\/index.php?rest_route=\/wp\/v2\/types\/post"}],"author":[{"embeddable":true,"href":"https:\/\/panoramadelsur.com.ar\/index.php?rest_route=\/wp\/v2\/users\/1"}],"replies":[{"embeddable":true,"href":"https:\/\/panoramadelsur.com.ar\/index.php?rest_route=%2Fwp%2Fv2%2Fcomments&post=44669"}],"version-history":[{"count":1,"href":"https:\/\/panoramadelsur.com.ar\/index.php?rest_route=\/wp\/v2\/posts\/44669\/revisions"}],"predecessor-version":[{"id":44671,"href":"https:\/\/panoramadelsur.com.ar\/index.php?rest_route=\/wp\/v2\/posts\/44669\/revisions\/44671"}],"wp:featuredmedia":[{"embeddable":true,"href":"https:\/\/panoramadelsur.com.ar\/index.php?rest_route=\/wp\/v2\/media\/39574"}],"wp:attachment":[{"href":"https:\/\/panoramadelsur.com.ar\/index.php?rest_route=%2Fwp%2Fv2%2Fmedia&parent=44669"}],"wp:term":[{"taxonomy":"category","embeddable":true,"href":"https:\/\/panoramadelsur.com.ar\/index.php?rest_route=%2Fwp%2Fv2%2Fcategories&post=44669"},{"taxonomy":"post_tag","embeddable":true,"href":"https:\/\/panoramadelsur.com.ar\/index.php?rest_route=%2Fwp%2Fv2%2Ftags&post=44669"}],"curies":[{"name":"wp","href":"https:\/\/api.w.org\/{rel}","templated":true}]}}