{"id":4473,"date":"2021-05-20T01:01:00","date_gmt":"2021-05-20T04:01:00","guid":{"rendered":"http:\/\/panoramadelsur.com.ar\/?p=4473"},"modified":"2021-05-19T20:23:28","modified_gmt":"2021-05-19T23:23:28","slug":"este-jueves-cobran-jubilados-cuyos-haberes-no-superen-los-23-120-y-con-dni-finalizado-en-8-y-9","status":"publish","type":"post","link":"https:\/\/panoramadelsur.com.ar\/?p=4473","title":{"rendered":"Este jueves cobran jubilados cuyos haberes no superen los $ 23.120 y con DNI finalizado en 8 y 9"},"content":{"rendered":"\n<p class=\"wp-block-paragraph\">Los jubilados y pensionados cuyos haberes no superen los $ 23.120 y con Documento Nacional de Identidad (DNI) finalizado en 8 y 9 cobrar\u00e1n este jueves en las sucursales bancarias correspondientes, por ventanilla.<\/p>\n\n\n\n<p class=\"wp-block-paragraph\">Junto a su haber, tambi\u00e9n recibir\u00e1n el pago por un monto equivalente al bols\u00f3n de alimentos.<\/p>\n\n\n\n<p class=\"wp-block-paragraph\">Los titulares de la Asignaci\u00f3n Universal por Hijo (AUH) y la Asignaci\u00f3n Familiar por Hijo con DNI terminado en 8 tendr\u00e1n este jueves acreditada la prestaci\u00f3n.<\/p>\n\n\n\n<p class=\"wp-block-paragraph\">Las mujeres que reciben la Asignaci\u00f3n por Embarazo (AUE) con DNI finalizado en 8 dispondr\u00e1n este jueves del dinero que podr\u00e1n retirar con su tarjeta de d\u00e9bito.<\/p>\n\n\n\n<p class=\"wp-block-paragraph\">A su vez, las personas que reciben un subsidio para la compra de garrafas por residir en viviendas que no est\u00e1n conectadas a la red de gas natural, cuyo documento termine en 8, cobrar\u00e1n este jueves ese beneficio.<\/p>\n","protected":false},"excerpt":{"rendered":"<p>Los jubilados<\/p>\n","protected":false},"author":1,"featured_media":39574,"comment_status":"open","ping_status":"open","sticky":false,"template":"","format":"standard","meta":{"footnotes":""},"categories":[4,8],"tags":[],"class_list":["post-4473","post","type-post","status-publish","format-standard","has-post-thumbnail","hentry","category-nacionales","category-para-agendar"],"_links":{"self":[{"href":"https:\/\/panoramadelsur.com.ar\/index.php?rest_route=\/wp\/v2\/posts\/4473","targetHints":{"allow":["GET"]}}],"collection":[{"href":"https:\/\/panoramadelsur.com.ar\/index.php?rest_route=\/wp\/v2\/posts"}],"about":[{"href":"https:\/\/panoramadelsur.com.ar\/index.php?rest_route=\/wp\/v2\/types\/post"}],"author":[{"embeddable":true,"href":"https:\/\/panoramadelsur.com.ar\/index.php?rest_route=\/wp\/v2\/users\/1"}],"replies":[{"embeddable":true,"href":"https:\/\/panoramadelsur.com.ar\/index.php?rest_route=%2Fwp%2Fv2%2Fcomments&post=4473"}],"version-history":[{"count":1,"href":"https:\/\/panoramadelsur.com.ar\/index.php?rest_route=\/wp\/v2\/posts\/4473\/revisions"}],"predecessor-version":[{"id":4474,"href":"https:\/\/panoramadelsur.com.ar\/index.php?rest_route=\/wp\/v2\/posts\/4473\/revisions\/4474"}],"wp:featuredmedia":[{"embeddable":true,"href":"https:\/\/panoramadelsur.com.ar\/index.php?rest_route=\/wp\/v2\/media\/39574"}],"wp:attachment":[{"href":"https:\/\/panoramadelsur.com.ar\/index.php?rest_route=%2Fwp%2Fv2%2Fmedia&parent=4473"}],"wp:term":[{"taxonomy":"category","embeddable":true,"href":"https:\/\/panoramadelsur.com.ar\/index.php?rest_route=%2Fwp%2Fv2%2Fcategories&post=4473"},{"taxonomy":"post_tag","embeddable":true,"href":"https:\/\/panoramadelsur.com.ar\/index.php?rest_route=%2Fwp%2Fv2%2Ftags&post=4473"}],"curies":[{"name":"wp","href":"https:\/\/api.w.org\/{rel}","templated":true}]}}