{"id":44831,"date":"2023-09-12T01:05:00","date_gmt":"2023-09-12T04:05:00","guid":{"rendered":"https:\/\/panoramadelsur.com.ar\/?p=44831"},"modified":"2023-09-11T12:47:18","modified_gmt":"2023-09-11T15:47:18","slug":"fernando-espinoza-inauguro-la-feria-del-libro-mas-imponente-de-la-provincia-de-buenos-aires","status":"publish","type":"post","link":"https:\/\/panoramadelsur.com.ar\/?p=44831","title":{"rendered":"FERNANDO ESPINOZA INAUGUR\u00d3 LA FERIA DEL LIBRO M\u00c1S IMPONENTE DE LA PROVINCIA DE BUENOS AIRES"},"content":{"rendered":"\n<p>Con una fuerte apuesta cultural y educativa, el Municipio de La Matanza inaugur\u00f3 la nueva edici\u00f3n de la Feria del Libro bonaerense m\u00e1s importante, que adem\u00e1s de contar con cientos de propuestas creativas, genera oportunidades a j\u00f3venes y artistas locales.<\/p>\n\n\n\n<p>El intendente de La Matanza y presidente de la Federaci\u00f3n Argentina de Municipios (FAM), Fernando Espinoza, junto a la secretaria de Desarrollo Cultural de la Naci\u00f3n, Lucrecia Cardoso, a la presidenta del Instituto Cultural de la Provincia de Buenos Aires, Florencia Saintout, y la secretaria de Cultura del distrito, Silvia Francese, inaugur\u00f3 la XVI edici\u00f3n de la Feria Municipal del libro \u201cPrimavera de Libros\u201d, el evento cultural m\u00e1s significativo del Municipio, que cont\u00f3 con la presentaci\u00f3n especial de la bailarina Mora Godoy y su ballet.<\/p>\n\n\n\n<p>La gran propuesta cultural y educativa se extender\u00e1 hasta el 17 de septiembre con entrada libre y gratuita, en la plaza General San Mart\u00edn de San Justo.<\/p>\n\n\n\n<p>Y remarc\u00f3: \u201cEs una gran celebraci\u00f3n que se prepara durante todo el a\u00f1o con mucho esfuerzo y trabajo en cada uno de los m\u00e1s de 90 centros culturales que tenemos en La Matanza junto a artistas de todas las disciplinas que se preparan arduamente para exponer sus trabajos y compartirlos junto a su pueblo\u201d.<\/p>\n\n\n\n<p>La Feria Municipal del Libro fue creada en 2008 por iniciativa del intendente Fernando Espinoza y se convirti\u00f3 en el evento cultural m\u00e1s importante de La Matanza y el m\u00e1s imponente de la provincia de Buenos Aires.<\/p>\n\n\n\n<p>Por su parte, la secretaria de Desarrollo Cultural de la Naci\u00f3n, Lucrecia Cardoso, manifest\u00f3: \u201cLa cultura es muy importante en t\u00e9rminos simb\u00f3licos, pero tambi\u00e9n es producci\u00f3n y trabajo; m\u00e1s de 350 mil puestos de trabajo de manera directa producen las industrias culturales en la Argentina\u201d.<\/p>\n\n\n\n<p>\u201cEl mundo mira la escena cultural argentina y por eso necesitamos m\u00e1s Estado acompa\u00f1ando a la industria, como se hace ac\u00e1 en La Matanza, y seguir generando producci\u00f3n, trabajo y divisas\u201d, enfatiz\u00f3.<\/p>\n\n\n\n<p>Para finalizar, Fernando Espinoza destac\u00f3: \u201cLa cultura nos engrandece el alma, nos hace libres, nos permite transportarnos a lugares imaginarios, so\u00f1ar, crear, disfrutar, y crecer. As\u00ed que los esperamos a todas y todos en esta fiesta popular de La Matanza y la provincia\u201d.<\/p>\n\n\n\n<p>La programaci\u00f3n cuenta con actividades para todo p\u00fablico, que incluyen presentaciones de libros, conciertos, pe\u00f1a tradicionalista, Fiesta de las colectividades, encuentro de escritores, caf\u00e9 literario, capacitaciones, charlas, recitales de poes\u00eda, conversatorios, talleres, narraciones, obras teatrales, espect\u00e1culos circenses, actividades deportivas y stand exclusivos de las dos Casas de Altos Estudios del distrito: la Universidad Nacional de La Matanza (UNLaM) y el Centro Universitario de la Innovaci\u00f3n (CUDI) donde podr\u00e1n acceder a las diferentes propuestas acad\u00e9micas que ofrecen estas instituciones de excelencia; donde actualmente concurren 75 mil estudiantes.<\/p>\n\n\n\n<p>La XVI Feria del Libro cuenta con actividades hasta el 17 de septiembre, de lunes a viernes de 10 a 20 h, y fines de semana de 12 a 20 h, con entrada libre y gratuita, y una variada agenda de actividades.<\/p>\n\n\n\n<p>M\u00e1s informaci\u00f3n en @municipiodelamatanza, agenda completa en:&nbsp; t.ly\/TH1nu<\/p>\n","protected":false},"excerpt":{"rendered":"<p>Con una<\/p>\n","protected":false},"author":1,"featured_media":39574,"comment_status":"closed","ping_status":"closed","sticky":false,"template":"","format":"standard","meta":{"footnotes":""},"categories":[5],"tags":[28,27],"class_list":["post-44831","post","type-post","status-publish","format-standard","has-post-thumbnail","hentry","category-provincia","tag-gba","tag-provincia"],"_links":{"self":[{"href":"https:\/\/panoramadelsur.com.ar\/index.php?rest_route=\/wp\/v2\/posts\/44831","targetHints":{"allow":["GET"]}}],"collection":[{"href":"https:\/\/panoramadelsur.com.ar\/index.php?rest_route=\/wp\/v2\/posts"}],"about":[{"href":"https:\/\/panoramadelsur.com.ar\/index.php?rest_route=\/wp\/v2\/types\/post"}],"author":[{"embeddable":true,"href":"https:\/\/panoramadelsur.com.ar\/index.php?rest_route=\/wp\/v2\/users\/1"}],"replies":[{"embeddable":true,"href":"https:\/\/panoramadelsur.com.ar\/index.php?rest_route=%2Fwp%2Fv2%2Fcomments&post=44831"}],"version-history":[{"count":1,"href":"https:\/\/panoramadelsur.com.ar\/index.php?rest_route=\/wp\/v2\/posts\/44831\/revisions"}],"predecessor-version":[{"id":44833,"href":"https:\/\/panoramadelsur.com.ar\/index.php?rest_route=\/wp\/v2\/posts\/44831\/revisions\/44833"}],"wp:featuredmedia":[{"embeddable":true,"href":"https:\/\/panoramadelsur.com.ar\/index.php?rest_route=\/wp\/v2\/media\/39574"}],"wp:attachment":[{"href":"https:\/\/panoramadelsur.com.ar\/index.php?rest_route=%2Fwp%2Fv2%2Fmedia&parent=44831"}],"wp:term":[{"taxonomy":"category","embeddable":true,"href":"https:\/\/panoramadelsur.com.ar\/index.php?rest_route=%2Fwp%2Fv2%2Fcategories&post=44831"},{"taxonomy":"post_tag","embeddable":true,"href":"https:\/\/panoramadelsur.com.ar\/index.php?rest_route=%2Fwp%2Fv2%2Ftags&post=44831"}],"curies":[{"name":"wp","href":"https:\/\/api.w.org\/{rel}","templated":true}]}}