{"id":44896,"date":"2023-09-12T01:10:00","date_gmt":"2023-09-12T04:10:00","guid":{"rendered":"https:\/\/panoramadelsur.com.ar\/?p=44896"},"modified":"2023-09-12T10:16:09","modified_gmt":"2023-09-12T13:16:09","slug":"mas-de-40-mil-personas-vibraron-con-el-bera-rock-2023","status":"publish","type":"post","link":"https:\/\/panoramadelsur.com.ar\/?p=44896","title":{"rendered":"M\u00c1S DE 40 MIL PERSONAS VIBRARON CON EL BERA ROCK 2023"},"content":{"rendered":"\n<p><strong>M\u00e1s de 40 mil personas disfrutaron su pasi\u00f3n por el rock con las m\u00e1s de 100 bandas locales y artistas consagrados que se presentaron en el festival berazateguense m\u00e1s importante de la zona sur. El cierre de cada d\u00eda del Bera Rock 2023 estuvo a cargo de \u00c1rbol, Los P\u00e9rez Garc\u00eda, Pedro Aznar, La Mississippi e Hilda Lizarazu.<\/strong><\/p>\n\n\n\n<p>Sobre el festival, el secretario de Cultura y Educaci\u00f3n, Federico L\u00f3pez, destac\u00f3: \u201cFueron cinco jornadas donde m\u00e1s de 100 bandas berazateguenses y artistas invitados estuvieron arriba del escenario. Estamos muy agradecidos con los vecinos y las vecinas que se acercaron al Centro Municipal de Actividades Roberto De Vicenzo. Queremos que sigan estos eventos de la agenda cultural de Berazategui, que son posibles gracias a la firme decisi\u00f3n pol\u00edtica de nuestro intendente Juan Jos\u00e9 Mussi\u201d.<\/p>\n\n\n\n<p>En tanto, el baterista de \u00ab\u00c1rbol\u00bb, Mart\u00edn Mill\u00e1n, se\u00f1al\u00f3: \u201cEs fundamental que los Estados apoyen la cultura y generen eventos gratuitos como el Bera Rock. Es fant\u00e1stico que se sostengan en el tiempo y a nosotros -particularmente- nos gusta mucho participar de estas iniciativas\u201d.<\/p>\n\n\n\n<p>A su vez, Hilda Lizarazu expres\u00f3: \u201cEstoy muy contenta de estar por primera vez en el Bera Rock, un festival del que participan bandas locales y se viven noches musicales hermosas. Me honra tener la posibilidad de cerrar una de las jornadas\u201d.<\/p>\n\n\n\n<p>Este mega evento organizado por la Municipalidad de Berazategui -a cargo del intendente Juan Jos\u00e9 Mussi- cont\u00f3 con una gran puesta en escena, con la m\u00e1s alta calidad en luces y sonido. A su vez, la grilla de bandas y solistas present\u00f3 una amplia variedad de g\u00e9neros como Pop, Pop\/Rock, Progresivo, Alternativo, Experimental, Blues, Indie, Rock &amp; Roll, Rock Nacional, Reggae y Ska.<\/p>\n","protected":false},"excerpt":{"rendered":"<p>M\u00e1s de<\/p>\n","protected":false},"author":1,"featured_media":39574,"comment_status":"closed","ping_status":"closed","sticky":false,"template":"","format":"standard","meta":{"footnotes":""},"categories":[3],"tags":[40],"class_list":["post-44896","post","type-post","status-publish","format-standard","has-post-thumbnail","hentry","category-regionales","tag-berazategui"],"_links":{"self":[{"href":"https:\/\/panoramadelsur.com.ar\/index.php?rest_route=\/wp\/v2\/posts\/44896","targetHints":{"allow":["GET"]}}],"collection":[{"href":"https:\/\/panoramadelsur.com.ar\/index.php?rest_route=\/wp\/v2\/posts"}],"about":[{"href":"https:\/\/panoramadelsur.com.ar\/index.php?rest_route=\/wp\/v2\/types\/post"}],"author":[{"embeddable":true,"href":"https:\/\/panoramadelsur.com.ar\/index.php?rest_route=\/wp\/v2\/users\/1"}],"replies":[{"embeddable":true,"href":"https:\/\/panoramadelsur.com.ar\/index.php?rest_route=%2Fwp%2Fv2%2Fcomments&post=44896"}],"version-history":[{"count":1,"href":"https:\/\/panoramadelsur.com.ar\/index.php?rest_route=\/wp\/v2\/posts\/44896\/revisions"}],"predecessor-version":[{"id":44898,"href":"https:\/\/panoramadelsur.com.ar\/index.php?rest_route=\/wp\/v2\/posts\/44896\/revisions\/44898"}],"wp:featuredmedia":[{"embeddable":true,"href":"https:\/\/panoramadelsur.com.ar\/index.php?rest_route=\/wp\/v2\/media\/39574"}],"wp:attachment":[{"href":"https:\/\/panoramadelsur.com.ar\/index.php?rest_route=%2Fwp%2Fv2%2Fmedia&parent=44896"}],"wp:term":[{"taxonomy":"category","embeddable":true,"href":"https:\/\/panoramadelsur.com.ar\/index.php?rest_route=%2Fwp%2Fv2%2Fcategories&post=44896"},{"taxonomy":"post_tag","embeddable":true,"href":"https:\/\/panoramadelsur.com.ar\/index.php?rest_route=%2Fwp%2Fv2%2Ftags&post=44896"}],"curies":[{"name":"wp","href":"https:\/\/api.w.org\/{rel}","templated":true}]}}