{"id":4517,"date":"2021-05-21T01:05:00","date_gmt":"2021-05-21T04:05:00","guid":{"rendered":"http:\/\/panoramadelsur.com.ar\/?p=4517"},"modified":"2021-05-20T18:50:55","modified_gmt":"2021-05-20T21:50:55","slug":"oficializan-el-cierre-de-exportaciones-de-carne-vacuna-por-suba-de-precios-internos","status":"publish","type":"post","link":"https:\/\/panoramadelsur.com.ar\/?p=4517","title":{"rendered":"Oficializan el cierre de exportaciones de carne vacuna por suba de precios internos"},"content":{"rendered":"\n<p>El Gobierno nacional oficializ\u00f3 ayer el cierre provisorio de exportaciones de carne vacuna por 30 d\u00edas debido a la fuerte suba de los precios internos del producto y ante la detecci\u00f3n de irregularidades en algunas operaciones de comercio exterior.<\/p>\n\n\n\n<p>Como medida de protesta, las entidades agropecuarias nucleadas en la Mesa de Enlace iniciaron ayer un cese de comercializaci\u00f3n de hacienda hasta el viernes 28 de mayo, aunque de no concretarse en ese lapso una reapertura de los env\u00edos al exterior podr\u00edan avanzar con otras medidas.<\/p>\n\n\n\n<p>A trav\u00e9s de la resoluci\u00f3n 75\/2021 emitida por el Ministerio de Agricultura, Ganader\u00eda y Pesca, el Gobierno suspendi\u00f3 hasta el 19 de junio la aprobaci\u00f3n de solicitudes de Declaraci\u00f3n Jurada de Operaciones de Exportaci\u00f3n de Carne (DJEC) respecto de los productos c\u00e1rnicos de origen bovino.<\/p>\n\n\n\n<p>Sin embargo, quedaron exceptuados aquellos env\u00edos que formen parte de cuotas con ventajas arancelarias, como la cuota Hilton, que tiene como destino a la Uni\u00f3n Europea.<\/p>\n\n\n\n<p>Entre los considerandos del decreto, Agricultura destac\u00f3 que \u00abde conformidad con el actual avance del mercado exportador de carnes, sus precios han experimentado un alza sostenida\u00bb y que \u00abesta situaci\u00f3n ha generado que los precios internos acompa\u00f1en los de exportaci\u00f3n de la carne vacuna, en un contexto donde el precio mundial de los alimentos ha aumentado significativamente\u00bb.<\/p>\n\n\n\n<p>Por eso, remarc\u00f3 que \u00abaceptar sin m\u00e1s la fijaci\u00f3n de valores del mercado internacional para alimentos locales que constituyen productos b\u00e1sicos de la mesa de los argentinos y las argentinas implicar\u00eda renunciar a los deberes b\u00e1sicos en materia de pol\u00edtica econ\u00f3mica\u00bb.<\/p>\n\n\n\n<p>\u00abBajo esos par\u00e1metros, y seg\u00fan lo informado por el Ministerio de Desarrollo Productivo, surge que en materia de comercializaci\u00f3n de los productos c\u00e1rnicos de origen bovino existe una distorsi\u00f3n de precios que superan los \u00edndices generales de inflaci\u00f3n en materia de alimentos y que impiden el normal abastecimiento de los consumidores y las consumidoras del mercado interno\u00bb, concluy\u00f3 el escrito.<\/p>\n\n\n\n<p>Esta medida, que fue anunciada por el presidente Alberto Fern\u00e1ndez este lunes, se da en el marco de un fuerte aumento en el precio de la carne, que en abril marc\u00f3 una suba interanual del 65% y que cerr\u00f3 2020 con un incremento del 70%, muy por encima del \u00edndice inflacionario.<\/p>\n\n\n\n<p>Sin embargo, la decisi\u00f3n oficial tambi\u00e9n apunta a \u00abordenar\u00bb el mercado de exportaci\u00f3n y regularizar determinadas distorsiones originadas por la evasi\u00f3n fiscal o irregularidades en los despachos.<\/p>\n\n\n\n<p>Al respecto, el ministro de Desarrollo Productivo, Mat\u00edas Kulfas, sostuvo que se han \u00abdetectado sistemas de no ordenamiento de un sector exportador, donde hay algunas pr\u00e1cticas que por lo menos, dan indicios fuertes de subfacturaci\u00f3n de exportaciones. Hemos detectado exportadores truchos, que estaban exportando pero no estaban liquidando las divisas\u00bb.<\/p>\n\n\n\n<p>En este sentido, explic\u00f3 que el Gobierno est\u00e1 \u00abbuscando un nuevo esquema que funcione con todas las de la ley, donde no haya exportadores truchos, donde no haya maniobras como las que hemos detectado\u00bb y detall\u00f3 que durante el primer trimestre del a\u00f1o se registraron despachos que crecieron un 20% en volumen en la comparaci\u00f3n interanual, pero que se ubicaron en torno a lo obtenido el a\u00f1o pasado.<\/p>\n\n\n\n<p>\u00abSe plante\u00f3 b\u00e1sicamente un esquema de 30 d\u00edas para poder hacer un ordenamiento, para que el sector exportador trabaje en las condiciones adecuadas por la ley. Que se pueda tener una oferta de carne en el mercado interno a precios accesibles\u00bb y concluy\u00f3: \u00abEsto implica frenar y retrotraer las subas que tuvimos en las \u00faltimas semanas para poder tener una oferta competitiva\u00bb.<\/p>\n\n\n\n<p>Seg\u00fan indicaron fuentes privadas, este vjernes se reunir\u00edan con funcionarios de esta cartera representantes del Consejo Agroindustrial Argentino (CAA), en especial los vinculados al sector ganadero y frigor\u00edfico.<\/p>\n\n\n\n<p>Como protesta ante la iniciativa gubernamental, la Mesa de Enlace, compuesta de la Sociedad Rural (SRA), Confederaciones Rurales (CRA), Federaci\u00f3n Agraria (FAA) y Coninagro, inici\u00f3 ayer un cese de comercializaci\u00f3n de hacienda hasta el 28 de mayo, aunque la medida podr\u00eda extenderse de no conseguirse el levantamiento del cierre.<\/p>\n\n\n\n<p>\u00abEste es el comienzo de un paquete de medidas que, si no tenemos una respuesta clara y concreta y que responda a los pedidos del sector, vamos a ir incorporando diferentes metodolog\u00edas y a otros sectores afectados\u00bb, advirti\u00f3 el presidente de CRA, Jorge Chemes, durante una conferencia de prensa brindada el martes.<\/p>\n\n\n\n<p>De hecho, el vicepresidente de la entidad, Gabriel De Raedemaeker coment\u00f3 que \u00abhay una presi\u00f3n muy fuerte de los productores de sumar otros productos al cese de comercializaci\u00f3n, especialmente granos. Esto se va a conversar en la mesa de CRA y se trasladar\u00e1 a la Comisi\u00f3n de Enlace\u00bb.<\/p>\n\n\n\n<p>Por su parte, la C\u00e1mara Argentina de Comercio (CAC) se sum\u00f3 a los rechazos a la iniciativa oficial al aducir \u00ablas implicancias negativas que esta medida tiene para las empresas y los trabajadores\u00bb del sector, mientras que desde la Asociaci\u00f3n de Defensa de los Derechos de Usuarios y Consumidores apoyaron la medida al sostener que \u00abes la \u00fanica manera de regular la avaricia que atraviesa la comercializaci\u00f3n, porque en la mayor\u00eda de los casos hay irregularidades muy severas\u00bb.<\/p>\n","protected":false},"excerpt":{"rendered":"<p>El Gobierno<\/p>\n","protected":false},"author":1,"featured_media":39574,"comment_status":"open","ping_status":"open","sticky":false,"template":"","format":"standard","meta":{"footnotes":""},"categories":[4],"tags":[],"class_list":["post-4517","post","type-post","status-publish","format-standard","has-post-thumbnail","hentry","category-nacionales"],"_links":{"self":[{"href":"https:\/\/panoramadelsur.com.ar\/index.php?rest_route=\/wp\/v2\/posts\/4517","targetHints":{"allow":["GET"]}}],"collection":[{"href":"https:\/\/panoramadelsur.com.ar\/index.php?rest_route=\/wp\/v2\/posts"}],"about":[{"href":"https:\/\/panoramadelsur.com.ar\/index.php?rest_route=\/wp\/v2\/types\/post"}],"author":[{"embeddable":true,"href":"https:\/\/panoramadelsur.com.ar\/index.php?rest_route=\/wp\/v2\/users\/1"}],"replies":[{"embeddable":true,"href":"https:\/\/panoramadelsur.com.ar\/index.php?rest_route=%2Fwp%2Fv2%2Fcomments&post=4517"}],"version-history":[{"count":1,"href":"https:\/\/panoramadelsur.com.ar\/index.php?rest_route=\/wp\/v2\/posts\/4517\/revisions"}],"predecessor-version":[{"id":4519,"href":"https:\/\/panoramadelsur.com.ar\/index.php?rest_route=\/wp\/v2\/posts\/4517\/revisions\/4519"}],"wp:featuredmedia":[{"embeddable":true,"href":"https:\/\/panoramadelsur.com.ar\/index.php?rest_route=\/wp\/v2\/media\/39574"}],"wp:attachment":[{"href":"https:\/\/panoramadelsur.com.ar\/index.php?rest_route=%2Fwp%2Fv2%2Fmedia&parent=4517"}],"wp:term":[{"taxonomy":"category","embeddable":true,"href":"https:\/\/panoramadelsur.com.ar\/index.php?rest_route=%2Fwp%2Fv2%2Fcategories&post=4517"},{"taxonomy":"post_tag","embeddable":true,"href":"https:\/\/panoramadelsur.com.ar\/index.php?rest_route=%2Fwp%2Fv2%2Ftags&post=4517"}],"curies":[{"name":"wp","href":"https:\/\/api.w.org\/{rel}","templated":true}]}}