{"id":45374,"date":"2023-09-25T01:31:03","date_gmt":"2023-09-25T04:31:03","guid":{"rendered":"https:\/\/panoramadelsur.com.ar\/?p=45374"},"modified":"2023-09-25T04:54:51","modified_gmt":"2023-09-25T07:54:51","slug":"cristina-kirchner-apelara-fallos-que-revocaron-sus-sobreseimientos-en-los-casos-memorandum-y-hotesur","status":"publish","type":"post","link":"https:\/\/panoramadelsur.com.ar\/?p=45374","title":{"rendered":"CRISTINA KIRCHNER APELAR\u00c1 FALLOS QUE REVOCARON SUS SOBRESEIMIENTOS EN LOS CASOS MEMOR\u00c1NDUM Y HOTESUR"},"content":{"rendered":"\n<p>La defensa de la vicepresidenta Cristina Fern\u00e1ndez de Kirchner se prepara para apelar los fallos emitidos por la C\u00e1mara Federal de Casaci\u00f3n Penal el \u00faltimo lunes con los que fueron revocados los sobreseimientos que se hab\u00edan dictado en su favor en las causas conocidas como \u00abHotesur-Los Sauces\u00bb y \u00abMemor\u00e1ndum de entendimiento con Ir\u00e1n\u00bb.<\/p>\n\n\n\n<p>El plazo para presentar los recursos extraordinarios con los que la defensa de la exmandataria pretende llegar hasta la Corte Suprema de Justicia es de 10 d\u00edas h\u00e1biles, recordaron las fuentes consultadas y confirmaron que los abogados de la exmandataria Carlos Beraldi y Ary Llernovoy trabajaban en esas presentaciones.<\/p>\n\n\n\n<p>\u00abAmbos fallos fueron arbitrarios y ser\u00e1n apelados\u00bb, sintetizaron las fuentes cercanas a la defensa de Fern\u00e1ndez de Kirchner, mientras el entorno de la vicepresidenta mantuvo bajo perfil durante los \u00faltimos d\u00edas en relaci\u00f3n con las causas judiciales.<\/p>\n\n\n\n<p>Las fuentes consultadas por esta agencia sostuvieron que ambos fallos estaban dentro de lo esperado y remarcaron que ya hab\u00edan sido anunciados por distintos medios de comunicaci\u00f3n, despu\u00e9s de que la Corte Suprema de Justicia ces\u00f3 en sus funciones a la jueza Ana Mar\u00eda Figueroa, integrante de la sala de Casaci\u00f3n llamada a intervenir en el caso.<\/p>\n\n\n\n<p>A diferencia de otras veces, la exmandataria no reaccion\u00f3 p\u00fablicamente a los fallos de Casaci\u00f3n en su contra pese a que el s\u00e1bado encabez\u00f3 una presentaci\u00f3n titulada \u00abDe castas, herencias, derrumbes y futuro\u00bb por la reedici\u00f3n del libro \u00abDespu\u00e9s del derrumbe. Conversaciones de Torcuato Di Tella y N\u00e9stor Kirchner\u00bb en la Universidad Metropolitana para la Educaci\u00f3n y el Trabajo (UMET).<\/p>\n\n\n\n<p>Fuentes de su entorno atribuyeron el bajo perfil al contexto electoral y recordaron la frase esgrimida por la exmandataria en diciembre cuando confirm\u00f3 que no ser\u00eda candidata \u00aba nada\u00bb, tras recibir la condena del tribunal oral que juzg\u00f3 la causa Vialidad.<\/p>\n\n\n\n<p>\u00abNo voy a someter la fuerza pol\u00edtica que me dio el honor de ser dos veces presidenta y una vez vicepresidenta a que la maltraten en per\u00edodo electoral con una candidata condenada\u00bb, afirm\u00f3 la vicepresidenta por entonces.<\/p>\n\n\n\n<p>Entre los que s\u00ed se expresaron esta semana contra el fallo de Casaci\u00f3n, estuvo el diputado oficialista Leopoldo Moreau, quien calific\u00f3 lo resuelto como \u00abun caso m\u00e1s de justicia a la carta, a gusto del cliente, en este caso el bloque de poder que viene sistem\u00e1ticamente llevando adelante la persecuci\u00f3n pol\u00edtica contra Cristina Kirchner\u00bb.<\/p>\n\n\n\n<p>\u00abEste era un fallo que fue adelantado por (Diego) Barroetave\u00f1a a sus mandantes de La Naci\u00f3n y Clar\u00edn\u00bb, agreg\u00f3 Moreau y se\u00f1al\u00f3 que en el caso particular del Memor\u00e1ndum con Ir\u00e1n lo resuelto por los jueces de Casaci\u00f3n \u00abimplica subordinarse a una falacia inventada por los fondos buitres encabezados por Paul Singer\u00bb.<\/p>\n\n\n\n<p>\u00abSinger fue quien en 2015 movi\u00f3 sus hilos en la justicia y el periodismo argentino para desplazar a Cristina con tal de cobrar lo que ya le hab\u00edan regalado los jueces de la Corte de Estados Unidos, que \u00e9l hab\u00eda coimeado\u00bb, complet\u00f3 Moreau.<\/p>\n\n\n\n<p>La C\u00e1mara Federal de Casaci\u00f3n Penal dispuso el pasado lunes que se realicen los juicios orales por las causas Hotesur-Los Sauces, por supuesta asociaci\u00f3n il\u00edcita y lavado de dinero, y otro por el Memor\u00e1ndum de Entendimiento con Ir\u00e1n para volver a analizar la actuaci\u00f3n de la justicia en la investigaci\u00f3n por el atentado a la AMIA, por presunto encubrimiento, en los que est\u00e1 imputada la vicepresidenta.<\/p>\n\n\n\n<p>Con los votos de los jueces Barroetave\u00f1a y Daniel Petrone, la sala primera del m\u00e1ximo tribunal penal del pa\u00eds dej\u00f3 sin efecto los sobreseimientos dictados por los tribunales orales respectivos.<\/p>\n\n\n\n<p>En el caso Hotesur-Los Sauces, donde hay imputaciones por asociaci\u00f3n il\u00edcita y lavado de dinero en el alquiler de propiedades y hoteles pertenecientes a la familia Kirchner, los jueces revocaron los sobreseimientos dispuestos por el Tribunal Oral Federal 5 a fines de 2021.<\/p>\n\n\n\n<p>Los magistrados ratificaron que qued\u00f3 fuera del proceso Florencia Kirchner, hija de los expresidentes N\u00e9stor Kirchner y Cristina Fern\u00e1ndez, porque ten\u00eda 12 a\u00f1os en el momento en que se habr\u00edan producido los hechos.<\/p>\n\n\n\n<p>As\u00ed, Casaci\u00f3n dispuso que vayan a juicio oral la actual vicepresidenta de la Naci\u00f3n, su hijo, el diputado nacional M\u00e1ximo Kirchner; su sobrina Romina Mercado, Patricio Pereyra Arandia, el empresario L\u00e1zaro B\u00e1ez, sus hijos Mart\u00edn, Leandro y Sabrina B\u00e1ez, Osvaldo Sanfelice, V\u00edctor Manzanares, Carlos Sancho, Crist\u00f3bal L\u00f3pez y Fabi\u00e1n De Sousa, entre otros.<\/p>\n\n\n\n<p>Asimismo, fueron apartados los jueces del TOF 5 Daniel Obligado y Adri\u00e1n Gr\u00fcnberg.<\/p>\n\n\n\n<p>Esos jueces hab\u00edan dicho que los fondos que se hab\u00edan usado para pagar alquileres de habitaciones en el complejo hotelero -la base de la sospecha de supuesto lavado de dinero- eran de \u00aborigen l\u00edcito\u00bb pues estaban bancarizados y \u00abestuvieron respaldados por normas y decisiones emanadas de organismos oficiales y\/o autoridades\u00bb.<\/p>\n\n\n\n<p>Adem\u00e1s, aquellos magistrados hab\u00edan sostenido que deb\u00eda aplicarse la ley m\u00e1s benigna, y que hasta 2011 -los hechos investigados habr\u00edan ido desde 2008 hasta 2015- el \u00abautolavado\u00bb (maniobra para blanquear dinero propio) no estaba contemplado por la ley argentina.<\/p>\n\n\n\n<p>\u00abLa apariencia de licitud de los activos estuvo dada desde el primer momento; es decir, desde que se realizaran los traspasos de fondos por las contrataciones de obra p\u00fablica, licencias o concesiones, o se dispusieran beneficios impositivos o de otro tipo; todos ellos respaldados por la normativa de rigor\u00bb, hab\u00edan sostenido Obligado y Gr\u00fcnberg.<\/p>\n\n\n\n<p>Los jueces de Casaci\u00f3n Barroetave\u00f1a y Petrone objetaron ese planteo.<\/p>\n\n\n\n<p>En cuanto al Memor\u00e1ndum de Entendimiento con Ir\u00e1n firmado en 2013, cuyo objetivo era destrabar la investigaci\u00f3n del atentado terrorista a la mutual jud\u00eda AMIA (de 1994, que provoc\u00f3 85 muertes), Barroetave\u00f1a y Petrone tambi\u00e9n revocaron los sobreseimientos y ordenaron que se haga el juicio oral.<\/p>\n\n\n\n<p>El Tribunal Oral Federal 8 hab\u00eda sobrese\u00eddo, tambi\u00e9n en 2021, a la expresidenta y otros consortes de causa que estaban acusados de encubrimiento de aquel atentado.<\/p>\n\n\n\n<p>Ahora la Casaci\u00f3n resolvi\u00f3 revocar esa medida y orden\u00f3 el debate oral y p\u00fablico. Tambi\u00e9n dispuso apartar a los jueces del TOF Daniel Obligado y Jos\u00e9 Antonio Michilini y a la jueza Gabriela L\u00f3pez In&amp;#771;iguez.<\/p>\n\n\n\n<p>El Memor\u00e1ndum ten\u00eda como objetivo, seg\u00fan el Gobierno de entonces, acelerar el esclarecimiento del atentado con, entre otras acciones, interrogar en el exterior a los jerarcas iran\u00edes acusados por la masacre.<\/p>\n\n\n\n<p>El acuerdo fue aprobado en el Congreso argentino, mientras que Ir\u00e1n lo hizo a trav\u00e9s de una medida ejecutiva.<\/p>\n\n\n\n<p>El fallecido fiscal federal especial en la causa AMIA Alberto Nisman denunci\u00f3 a Fern\u00e1ndez de Kirchner y otros dirigentes y funcionarios kirchneristas de encubrimiento del atentado a trav\u00e9s de este instrumento pero finalmente los jueces del TOF 8 sostuvieron, en s\u00edntesis, que \u00abel Memor\u00e1ndum de Entendimiento con Ir\u00e1n, m\u00e1s all\u00e1 de que se lo considere un acierto o desacierto pol\u00edtico, no constituy\u00f3 un delito\u00bb.<\/p>\n\n\n\n<p>Ahora Casaci\u00f3n, despu\u00e9s de un extenso an\u00e1lisis del caso, se\u00f1al\u00f3 que \u00ablos defectos de fundamentaci\u00f3n en que incurri\u00f3 el tribunal a quo afectan la garant\u00eda constitucional de defensa en juicio que asiste a los recurrentes y, de conformidad con el est\u00e1ndar de arbitrariedad definido por la CSJN, justifican la invalidaci\u00f3n de la resoluci\u00f3n recurrida\u00bb.<\/p>\n\n\n\n<p>Los querellantes -la Delegaci\u00f3n de Asociaciones Israelitas Argentinas (DAIA) y familiares de v\u00edctimas de la AMIA- hab\u00edan apelado los sobreseimientos de los acusados.<\/p>\n\n\n\n<p>Los acusados en la causa del Memor\u00e1ndum fueron Cristina Fern\u00e1ndez, Eduardo Antonio Zuain, Carlos Alberto Zannini, Oscar Parrilli, Angelina Mar\u00eda Esther Abbona, Juan Mart\u00edn Mena, Andr\u00e9s Larroque, Luis \u00c1ngel D\u00b4El\u00eda, Fernando Esteche, Jorge Alejandro Khalil y Ram\u00f3n H\u00e9ctor Allan Bogado. <\/p>\n","protected":false},"excerpt":{"rendered":"<p>La defensa<\/p>\n","protected":false},"author":1,"featured_media":39574,"comment_status":"closed","ping_status":"closed","sticky":false,"template":"","format":"standard","meta":{"footnotes":""},"categories":[4],"tags":[],"class_list":["post-45374","post","type-post","status-publish","format-standard","has-post-thumbnail","hentry","category-nacionales"],"_links":{"self":[{"href":"https:\/\/panoramadelsur.com.ar\/index.php?rest_route=\/wp\/v2\/posts\/45374","targetHints":{"allow":["GET"]}}],"collection":[{"href":"https:\/\/panoramadelsur.com.ar\/index.php?rest_route=\/wp\/v2\/posts"}],"about":[{"href":"https:\/\/panoramadelsur.com.ar\/index.php?rest_route=\/wp\/v2\/types\/post"}],"author":[{"embeddable":true,"href":"https:\/\/panoramadelsur.com.ar\/index.php?rest_route=\/wp\/v2\/users\/1"}],"replies":[{"embeddable":true,"href":"https:\/\/panoramadelsur.com.ar\/index.php?rest_route=%2Fwp%2Fv2%2Fcomments&post=45374"}],"version-history":[{"count":1,"href":"https:\/\/panoramadelsur.com.ar\/index.php?rest_route=\/wp\/v2\/posts\/45374\/revisions"}],"predecessor-version":[{"id":45376,"href":"https:\/\/panoramadelsur.com.ar\/index.php?rest_route=\/wp\/v2\/posts\/45374\/revisions\/45376"}],"wp:featuredmedia":[{"embeddable":true,"href":"https:\/\/panoramadelsur.com.ar\/index.php?rest_route=\/wp\/v2\/media\/39574"}],"wp:attachment":[{"href":"https:\/\/panoramadelsur.com.ar\/index.php?rest_route=%2Fwp%2Fv2%2Fmedia&parent=45374"}],"wp:term":[{"taxonomy":"category","embeddable":true,"href":"https:\/\/panoramadelsur.com.ar\/index.php?rest_route=%2Fwp%2Fv2%2Fcategories&post=45374"},{"taxonomy":"post_tag","embeddable":true,"href":"https:\/\/panoramadelsur.com.ar\/index.php?rest_route=%2Fwp%2Fv2%2Ftags&post=45374"}],"curies":[{"name":"wp","href":"https:\/\/api.w.org\/{rel}","templated":true}]}}