{"id":4561,"date":"2021-05-24T01:04:00","date_gmt":"2021-05-24T04:04:00","guid":{"rendered":"http:\/\/panoramadelsur.com.ar\/?p=4561"},"modified":"2021-05-21T03:40:37","modified_gmt":"2021-05-21T06:40:37","slug":"berazategui-abierta-la-inscripcion-a-cursos-y-talleres-municipales-digitales","status":"publish","type":"post","link":"https:\/\/panoramadelsur.com.ar\/?p=4561","title":{"rendered":"Berazategui: Abierta la inscripci\u00f3n a cursos y talleres municipales digitales"},"content":{"rendered":"\n<p><strong>La Secretar\u00eda de Organizaciones No Gubernamentales (ONG) de la Municipalidad de Berazategui abre la inscripci\u00f3n a los cursos y talleres que se dictan de manera digital, debido a la emergencia sanitaria, a partir de junio.<br><\/strong><br>Estos cursos y talleres tienen como objetivo facilitarles a los vecinos el ingreso al mundo laboral y brindarles nuevas herramientas para generar sus propios microemprendimientos. Los talleres constan de 8 clases y los cursos de 16.<br><br><strong>Oferta acad\u00e9mica<\/strong><\/p>\n\n\n\n<p>Talleres: Panader\u00eda, Pizzer\u00eda, Elaboraci\u00f3n de pastas y salsas, Cocteler\u00eda nivel 2, Pasteler\u00eda, Maquillaje nivel 1, Maquillaje nivel 2, Belleza y cuidado de la piel, Belleza y spa de manos, Esmaltado semipermanente y Podo est\u00e9tica; Est\u00e9tica Capilar, Peinado, Color, Auto peinado y cuidado del cabello, Color, Oratoria nivel 2, nutrici\u00f3n, adem\u00e1s de Peluquer\u00eda nivel inicial.<\/p>\n\n\n\n<p>En tanto, los siguientes cursos comienzan en julio: Ingl\u00e9s nivel 1, Ingl\u00e9s nivel 2, Ingl\u00e9s nivel 3, Ingl\u00e9s nivel 4 y Tejido a 2 agujas.<\/p>\n\n\n\n<p>Los talleres y cursos tienen capacidad limitada y est\u00e1n dirigidos a mayores de 16 a\u00f1os, salvo los de Esmaltado semipermanente y Cocteler\u00eda, que son para mayores de 18. Para realizar la inscripci\u00f3n hay que enviar un mail a&nbsp;<a href=\"mailto:cursosycapacitaciones@berazategui.gob.ar\" target=\"_blank\" rel=\"noreferrer noopener\">cursosycapacitaciones@berazategui.gob.ar<\/a>, detallando nombre y apellido, cuenta de Facebook, n\u00famero de celular con WhatsApp y el curso o taller en el que desea participar.&nbsp;&nbsp;<\/p>\n","protected":false},"excerpt":{"rendered":"<p>La Secretar\u00eda<\/p>\n","protected":false},"author":1,"featured_media":39574,"comment_status":"open","ping_status":"open","sticky":false,"template":"","format":"standard","meta":{"footnotes":""},"categories":[8,3],"tags":[],"class_list":["post-4561","post","type-post","status-publish","format-standard","has-post-thumbnail","hentry","category-para-agendar","category-regionales"],"_links":{"self":[{"href":"https:\/\/panoramadelsur.com.ar\/index.php?rest_route=\/wp\/v2\/posts\/4561","targetHints":{"allow":["GET"]}}],"collection":[{"href":"https:\/\/panoramadelsur.com.ar\/index.php?rest_route=\/wp\/v2\/posts"}],"about":[{"href":"https:\/\/panoramadelsur.com.ar\/index.php?rest_route=\/wp\/v2\/types\/post"}],"author":[{"embeddable":true,"href":"https:\/\/panoramadelsur.com.ar\/index.php?rest_route=\/wp\/v2\/users\/1"}],"replies":[{"embeddable":true,"href":"https:\/\/panoramadelsur.com.ar\/index.php?rest_route=%2Fwp%2Fv2%2Fcomments&post=4561"}],"version-history":[{"count":1,"href":"https:\/\/panoramadelsur.com.ar\/index.php?rest_route=\/wp\/v2\/posts\/4561\/revisions"}],"predecessor-version":[{"id":4563,"href":"https:\/\/panoramadelsur.com.ar\/index.php?rest_route=\/wp\/v2\/posts\/4561\/revisions\/4563"}],"wp:featuredmedia":[{"embeddable":true,"href":"https:\/\/panoramadelsur.com.ar\/index.php?rest_route=\/wp\/v2\/media\/39574"}],"wp:attachment":[{"href":"https:\/\/panoramadelsur.com.ar\/index.php?rest_route=%2Fwp%2Fv2%2Fmedia&parent=4561"}],"wp:term":[{"taxonomy":"category","embeddable":true,"href":"https:\/\/panoramadelsur.com.ar\/index.php?rest_route=%2Fwp%2Fv2%2Fcategories&post=4561"},{"taxonomy":"post_tag","embeddable":true,"href":"https:\/\/panoramadelsur.com.ar\/index.php?rest_route=%2Fwp%2Fv2%2Ftags&post=4561"}],"curies":[{"name":"wp","href":"https:\/\/api.w.org\/{rel}","templated":true}]}}