{"id":4567,"date":"2021-05-24T01:01:00","date_gmt":"2021-05-24T04:01:00","guid":{"rendered":"http:\/\/panoramadelsur.com.ar\/?p=4567"},"modified":"2021-05-24T01:02:08","modified_gmt":"2021-05-24T04:02:08","slug":"reprograman-turnos-en-el-instituto-previsional-bonaerense","status":"publish","type":"post","link":"https:\/\/panoramadelsur.com.ar\/?p=4567","title":{"rendered":"Reprograman turnos en el Instituto Previsional bonaerense"},"content":{"rendered":"\n<p>El Instituto de Previsi\u00f3n Social (IPS) reprogram\u00f3 a partir del 31 de mayo los turnos presenciales que estaban asignados para los d\u00edas 26, 27 y 28 en los Centros de Atenci\u00f3n Previsional en el interior de la provincia de Buenos Aires y atender\u00e1 los tr\u00e1mites iniciados de forma virtual, inform\u00f3 el organismo.<\/p>\n\n\n\n<p>En el marco de las medidas sanitarias dispuestas por el Decreto de Necesidad y Urgencia (DNU) del Gobierno nacional el personal contin\u00faa trabajando de forma remota atendiendo los tr\u00e1mites que se iniciaron de forma virtual y cumpliendo todas las medidas de prevenci\u00f3n obligatorias para el cuidado de la salud de sus beneficiarios y trabajadores.<\/p>\n\n\n\n<p>De este modo, se inform\u00f3 que para iniciar un tr\u00e1mite los beneficiarios deber\u00e1n ingresar a https:\/\/www.ips.gba.gob.ar\/tramites_remotos.html, se inform\u00f3 en un comunicado.<\/p>\n\n\n\n<p>En paralelo, se ampliaron los plazos para la presentaci\u00f3n de documentaci\u00f3n con vencimiento hasta el 30 de junio de 2021 y se destac\u00f3 que por consultas sobre el inicio de tr\u00e1mites previsionales podr\u00e1n ingresar a https:\/\/www.ips.gba.gov.ar\/tramites_remotos.html .<\/p>\n","protected":false},"excerpt":{"rendered":"<p>El Instituto<\/p>\n","protected":false},"author":1,"featured_media":39574,"comment_status":"open","ping_status":"open","sticky":false,"template":"","format":"standard","meta":{"footnotes":""},"categories":[8,5],"tags":[],"class_list":["post-4567","post","type-post","status-publish","format-standard","has-post-thumbnail","hentry","category-para-agendar","category-provincia"],"_links":{"self":[{"href":"https:\/\/panoramadelsur.com.ar\/index.php?rest_route=\/wp\/v2\/posts\/4567","targetHints":{"allow":["GET"]}}],"collection":[{"href":"https:\/\/panoramadelsur.com.ar\/index.php?rest_route=\/wp\/v2\/posts"}],"about":[{"href":"https:\/\/panoramadelsur.com.ar\/index.php?rest_route=\/wp\/v2\/types\/post"}],"author":[{"embeddable":true,"href":"https:\/\/panoramadelsur.com.ar\/index.php?rest_route=\/wp\/v2\/users\/1"}],"replies":[{"embeddable":true,"href":"https:\/\/panoramadelsur.com.ar\/index.php?rest_route=%2Fwp%2Fv2%2Fcomments&post=4567"}],"version-history":[{"count":1,"href":"https:\/\/panoramadelsur.com.ar\/index.php?rest_route=\/wp\/v2\/posts\/4567\/revisions"}],"predecessor-version":[{"id":4573,"href":"https:\/\/panoramadelsur.com.ar\/index.php?rest_route=\/wp\/v2\/posts\/4567\/revisions\/4573"}],"wp:featuredmedia":[{"embeddable":true,"href":"https:\/\/panoramadelsur.com.ar\/index.php?rest_route=\/wp\/v2\/media\/39574"}],"wp:attachment":[{"href":"https:\/\/panoramadelsur.com.ar\/index.php?rest_route=%2Fwp%2Fv2%2Fmedia&parent=4567"}],"wp:term":[{"taxonomy":"category","embeddable":true,"href":"https:\/\/panoramadelsur.com.ar\/index.php?rest_route=%2Fwp%2Fv2%2Fcategories&post=4567"},{"taxonomy":"post_tag","embeddable":true,"href":"https:\/\/panoramadelsur.com.ar\/index.php?rest_route=%2Fwp%2Fv2%2Ftags&post=4567"}],"curies":[{"name":"wp","href":"https:\/\/api.w.org\/{rel}","templated":true}]}}