{"id":4592,"date":"2021-05-24T01:08:00","date_gmt":"2021-05-24T04:08:00","guid":{"rendered":"http:\/\/panoramadelsur.com.ar\/?p=4592"},"modified":"2021-05-24T01:32:00","modified_gmt":"2021-05-24T04:32:00","slug":"se-diagramo-en-buenos-aires-la-nueva-etapa-de-prioridades-de-vacunacion","status":"publish","type":"post","link":"https:\/\/panoramadelsur.com.ar\/?p=4592","title":{"rendered":"Se diagram\u00f3 en Buenos Aires la nueva etapa de prioridades de vacunaci\u00f3n"},"content":{"rendered":"\n<p>El Ministerio de Salud de la Provincia de Buenos Aires planific\u00f3 la nueva etapa de vacunaci\u00f3n contra el coronavirus y uno de los objetivos ser\u00e1 inocular a las personas de entre 40 y 59 a\u00f1os de edad con enfermedades preexistentes, como as\u00ed tambi\u00e9n terminar de inmunizar a los mayores de 60.<\/p>\n\n\n\n<p>En la nueva franja la cartera sanitaria bonaerense inform\u00f3 que ya vacun\u00f3 a 82 mil personas de los 314 mil inscriptos, que representan un 23%. En cuanto a los mayores de 60 en la Provincia habitan 1.411.418 personas, de las que se inscribieron 1.289.671, y cuyo porcentaje de vacunados supera el 90%.<\/p>\n\n\n\n<p>Dentro del nuevo segmento que busca inmunizarse est\u00e1n las embarazadas con comorbilidades, personas discapacitadas, pacientes trasplantados o en lista de espera, pacientes oncol\u00f3gicos y oncohematol\u00f3gicos, que realicen quimioterapia o deban recibirla, o aquellos que est\u00e9n en un proceso de tuberculosis activa.<\/p>\n\n\n\n<p>Por tal motivo, desde el Ministerio y distintas \u00e1reas del Gobierno recomiendan revisar en forma permanente la app Buenos Aires Vacunate y la casilla de correos para controlar el env\u00edo de turnos.<\/p>\n","protected":false},"excerpt":{"rendered":"<p>El Ministerio<\/p>\n","protected":false},"author":1,"featured_media":39574,"comment_status":"open","ping_status":"open","sticky":false,"template":"","format":"standard","meta":{"footnotes":""},"categories":[5],"tags":[],"class_list":["post-4592","post","type-post","status-publish","format-standard","has-post-thumbnail","hentry","category-provincia"],"_links":{"self":[{"href":"https:\/\/panoramadelsur.com.ar\/index.php?rest_route=\/wp\/v2\/posts\/4592","targetHints":{"allow":["GET"]}}],"collection":[{"href":"https:\/\/panoramadelsur.com.ar\/index.php?rest_route=\/wp\/v2\/posts"}],"about":[{"href":"https:\/\/panoramadelsur.com.ar\/index.php?rest_route=\/wp\/v2\/types\/post"}],"author":[{"embeddable":true,"href":"https:\/\/panoramadelsur.com.ar\/index.php?rest_route=\/wp\/v2\/users\/1"}],"replies":[{"embeddable":true,"href":"https:\/\/panoramadelsur.com.ar\/index.php?rest_route=%2Fwp%2Fv2%2Fcomments&post=4592"}],"version-history":[{"count":1,"href":"https:\/\/panoramadelsur.com.ar\/index.php?rest_route=\/wp\/v2\/posts\/4592\/revisions"}],"predecessor-version":[{"id":4594,"href":"https:\/\/panoramadelsur.com.ar\/index.php?rest_route=\/wp\/v2\/posts\/4592\/revisions\/4594"}],"wp:featuredmedia":[{"embeddable":true,"href":"https:\/\/panoramadelsur.com.ar\/index.php?rest_route=\/wp\/v2\/media\/39574"}],"wp:attachment":[{"href":"https:\/\/panoramadelsur.com.ar\/index.php?rest_route=%2Fwp%2Fv2%2Fmedia&parent=4592"}],"wp:term":[{"taxonomy":"category","embeddable":true,"href":"https:\/\/panoramadelsur.com.ar\/index.php?rest_route=%2Fwp%2Fv2%2Fcategories&post=4592"},{"taxonomy":"post_tag","embeddable":true,"href":"https:\/\/panoramadelsur.com.ar\/index.php?rest_route=%2Fwp%2Fv2%2Ftags&post=4592"}],"curies":[{"name":"wp","href":"https:\/\/api.w.org\/{rel}","templated":true}]}}