{"id":46277,"date":"2023-10-18T01:05:00","date_gmt":"2023-10-18T04:05:00","guid":{"rendered":"https:\/\/panoramadelsur.com.ar\/?p=46277"},"modified":"2023-10-16T04:04:58","modified_gmt":"2023-10-16T07:04:58","slug":"primer-foro-de-salud-digital-bonaerense","status":"publish","type":"post","link":"https:\/\/panoramadelsur.com.ar\/?p=46277","title":{"rendered":"PRIMER FORO DE SALUD DIGITAL BONAERENSE"},"content":{"rendered":"\n<p class=\"wp-block-paragraph\">Por primera vez, el ministerio de Salud de la Provincia realizar\u00e1 este mi\u00e9rcoles 18 de octubre, de 9 a 19, un \u201cForo de Salud Digital\u201d. El encuentro ser\u00e1 encabezado por el titular de la cartera sanitaria, Nicol\u00e1s Kreplak, en el Club municipal Derqui \u201cLionel Messi\u201d de Pilar, y reunir\u00e1 a referentes de la implementaci\u00f3n de la Historia de Salud Integrada (HSI), y a especialistas en ese campo de sectores acad\u00e9micos, privados, organismos no gubernamentales, y obras sociales.<\/p>\n\n\n\n<p class=\"wp-block-paragraph\">En la apertura estar\u00e1n, tambi\u00e9n, la subsecretar\u00eda de Gesti\u00f3n de la Informaci\u00f3n, Educaci\u00f3n Permanente y Fiscalizaci\u00f3n, Leticia Ceriani; el intendente de la ciudad de Pilar, Federico Achaval y el director Provincial de Estad\u00edstica y Salud Digital, Santiago Pesci.<\/p>\n\n\n\n<p class=\"wp-block-paragraph\">\u201cSe tratar\u00e1 de un encuentro innovador e in\u00e9dito tanto por su tem\u00e1tica como por la rector\u00eda del sector p\u00fablico para poner en agenda y abrir el debate diversificado a la incorporaci\u00f3n de nuevas tecnolog\u00edas que apuntan a mejorar la atenci\u00f3n en salud de las y los bonaerenses\u201d, sostuvo el Ministro Kreplak.<\/p>\n\n\n\n<p class=\"wp-block-paragraph\">Durante el Foro se compartir\u00e1n experiencias y estrategias, del sector p\u00fablico y privado, en la pol\u00edtica de Salud Digital implementada por el ministerio de Salud de la Provincia de Buenos Aires, y se reflexionar\u00e1 sobre el posicionamiento de las nuevas tecnolog\u00edas de la informaci\u00f3n al servicio de garantizar el derecho a la salud de la poblaci\u00f3n.&nbsp;<\/p>\n\n\n\n<p class=\"wp-block-paragraph\">Esta jornada permitir\u00e1 realizar un balance sobre los primeros a\u00f1os de implementaci\u00f3n del programa Salud Digital, para detectar los dinamizadores, obst\u00e1culos, avances, evaluar el estado actual, efectuar una hoja de ruta, e identificar los desaf\u00edos actuales, considerando las experiencias e instancias llevadas a cabo.<br>Participar\u00e1n secretarias\/os de Salud, implementadores de establecimientos de salud municipales y provinciales que utilizan HSI, directores de Hospitales Provinciales, Regiones Sanitarias, y personal de \u00c1reas de Sistemas de informaci\u00f3n, Epidemiolog\u00eda, Estad\u00edsticas, sectores externos y del \u00e1mbito acad\u00e9mico.&nbsp;<\/p>\n\n\n\n<p class=\"wp-block-paragraph\">Tambi\u00e9n estar\u00e1n presentes invitados especiales pertenecientes al sector p\u00fablico y privado del campo de la salud, del \u00e1mbito acad\u00e9mico y de las obras sociales.&nbsp;<\/p>\n\n\n\n<p class=\"wp-block-paragraph\">PROGRAMA<\/p>\n\n\n\n<p class=\"wp-block-paragraph\">El intercambio estar\u00e1 orientado y ordenado de acuerdo a los lineamientos del Plan Quinquenal en Salud de la Provincia; estos son: garant\u00eda del derecho a la salud, equidad en el modelo de atenci\u00f3n, contribuci\u00f3n de las nuevas tecnolog\u00edas a la innovaci\u00f3n, y redise\u00f1o de procesos y modelos de atenci\u00f3n.<\/p>\n\n\n\n<p class=\"wp-block-paragraph\">En este sentido, el Foro tiene como objetivo pensar la \u2018salud digital\u2019 de forma colectiva, concibi\u00e9ndola no de forma aislada sino dentro de programas y propuestas institucionales que promuevan la transformaci\u00f3n en el acceso a la salud.<\/p>\n\n\n\n<p class=\"wp-block-paragraph\">El encuentro contar\u00e1 con tres paneles; uno de apertura sobre el \u201cRol de los sistemas de informaci\u00f3n en salud en el marco del plan quinquenal de la Provincia\u201d, a cargo de autoridades sanitarias. Otro panel denominado: \u201cUna mirada pol\u00edtica sobre los sistemas de informaci\u00f3n en salud\u201d, y uno de cierre sobre \u201cAportes de la Salud Digital al sistema cient\u00edfico y productivo regional\u201d, a cargo de expertos del sector p\u00fablico y privado.&nbsp;<\/p>\n\n\n\n<p class=\"wp-block-paragraph\">La jornada se dividir\u00e1 en dos grandes bloques, uno de mesas tem\u00e1ticas y otro de talleres que se desarrollar\u00e1n en simult\u00e1neo. En estas actividades contar\u00e1n con la presencia de invitados especiales, donde se tratar\u00e1n cuestiones como: seguridad inform\u00e1tica, ciencia de datos, modelos de atenci\u00f3n y perspectivas de los sistemas de informaci\u00f3n en salud, sistemas de informaci\u00f3n para la trazabilidad de insumos y medicamentos y de abordaje territorial, entre otros.<\/p>\n","protected":false},"excerpt":{"rendered":"<p>Por primera<\/p>\n","protected":false},"author":1,"featured_media":39574,"comment_status":"closed","ping_status":"closed","sticky":false,"template":"","format":"standard","meta":{"footnotes":""},"categories":[5],"tags":[28,27],"class_list":["post-46277","post","type-post","status-publish","format-standard","has-post-thumbnail","hentry","category-provincia","tag-gba","tag-provincia"],"_links":{"self":[{"href":"https:\/\/panoramadelsur.com.ar\/index.php?rest_route=\/wp\/v2\/posts\/46277","targetHints":{"allow":["GET"]}}],"collection":[{"href":"https:\/\/panoramadelsur.com.ar\/index.php?rest_route=\/wp\/v2\/posts"}],"about":[{"href":"https:\/\/panoramadelsur.com.ar\/index.php?rest_route=\/wp\/v2\/types\/post"}],"author":[{"embeddable":true,"href":"https:\/\/panoramadelsur.com.ar\/index.php?rest_route=\/wp\/v2\/users\/1"}],"replies":[{"embeddable":true,"href":"https:\/\/panoramadelsur.com.ar\/index.php?rest_route=%2Fwp%2Fv2%2Fcomments&post=46277"}],"version-history":[{"count":1,"href":"https:\/\/panoramadelsur.com.ar\/index.php?rest_route=\/wp\/v2\/posts\/46277\/revisions"}],"predecessor-version":[{"id":46279,"href":"https:\/\/panoramadelsur.com.ar\/index.php?rest_route=\/wp\/v2\/posts\/46277\/revisions\/46279"}],"wp:featuredmedia":[{"embeddable":true,"href":"https:\/\/panoramadelsur.com.ar\/index.php?rest_route=\/wp\/v2\/media\/39574"}],"wp:attachment":[{"href":"https:\/\/panoramadelsur.com.ar\/index.php?rest_route=%2Fwp%2Fv2%2Fmedia&parent=46277"}],"wp:term":[{"taxonomy":"category","embeddable":true,"href":"https:\/\/panoramadelsur.com.ar\/index.php?rest_route=%2Fwp%2Fv2%2Fcategories&post=46277"},{"taxonomy":"post_tag","embeddable":true,"href":"https:\/\/panoramadelsur.com.ar\/index.php?rest_route=%2Fwp%2Fv2%2Ftags&post=46277"}],"curies":[{"name":"wp","href":"https:\/\/api.w.org\/{rel}","templated":true}]}}