{"id":46323,"date":"2023-10-18T01:05:00","date_gmt":"2023-10-18T04:05:00","guid":{"rendered":"https:\/\/panoramadelsur.com.ar\/?p=46323"},"modified":"2023-10-16T05:28:59","modified_gmt":"2023-10-16T08:28:59","slug":"reconversion-del-alumbrado-publico-en-la-localidad-de-zeballos","status":"publish","type":"post","link":"https:\/\/panoramadelsur.com.ar\/?p=46323","title":{"rendered":"RECONVERSI\u00d3N DEL ALUMBRADO P\u00daBLICO EN LA LOCALIDAD DE ZEBALLOS"},"content":{"rendered":"\n<p class=\"wp-block-paragraph\">Mariela -frentista- camin\u00f3 hasta la intersecci\u00f3n de Piedrabuena con calle 832 para compartir su opini\u00f3n. \u201c\u00a1Fabuloso! En todos estos a\u00f1os fue la mejor iluminaci\u00f3n que tuvimos. Un antes y un despu\u00e9s\u201d, consider\u00f3.<\/p>\n\n\n\n<p class=\"wp-block-paragraph\">\u201cCon la gesti\u00f3n de Andr\u00e9s Watson notamos una enorme transformaci\u00f3n no solo en las luminarias, sino en la limpieza, las cloacas, la construcci\u00f3n del Jard\u00edn Municipal N\u00ba8\u201d, enumer\u00f3.<\/p>\n\n\n\n<p class=\"wp-block-paragraph\">Con el prop\u00f3sito de modernizar el parque lum\u00ednico con l\u00e1mparas LED, el titular en el Ejecutivo local -Andr\u00e9s Watson- monitore\u00f3 la culminaci\u00f3n de las tareas tanto en Infico como Villa Arias. \u201cColocamos en total 554 artefactos. As\u00ed, superamos los 16.900 en todo el distrito y alcanzamos los 36 barrios con esta tecnolog\u00eda\u201d, se\u00f1al\u00f3.<\/p>\n\n\n\n<p class=\"wp-block-paragraph\">El Alcalde repas\u00f3 los objetivos de \u201cuna estrategia pensada en el beneficio de las y los varelenses, por su seguridad a la hora de ir o volver de trabajar, estudiar\u201d. \u201cUn compromiso que asumimos para mejorar la realidad de cada uno de los vecinos y las vecinas\u201d, puntualiz\u00f3.<\/p>\n\n\n\n<p class=\"wp-block-paragraph\">Ilda, radicada en el partido cuatro d\u00e9cadas atr\u00e1s, expres\u00f3: \u00abQued\u00f3 precioso. Agradecida con todo lo que hicieron\u00bb. \u00abMe sent\u00ed contenta adem\u00e1s por c\u00f3mo dejaron la plaza, las hamacas, los pasamanos. Muy prolija\u00bb, asegur\u00f3 sobre el espacio verde situado detr\u00e1s de la estaci\u00f3n f\u00e9rrea de la localidad -Diagonal Tom\u00e1s Espora esquina 802-. En este sentido, inst\u00f3 a la ciudadan\u00eda a \u00abtomar conciencia y cuidar nuestros sitios compartidos\u00bb.<\/p>\n\n\n\n<p class=\"wp-block-paragraph\">Ricardo, con domicilio en calle Mart\u00edn Gras, resalt\u00f3 \u00abla decisi\u00f3n del Intendente: esto era una boca de lobo; por primera vez, nos escucharon. De ac\u00e1 a tres cuadras no distinguiamos nada\u00bb. \u00abUn gran avance\u00bb, sentenci\u00f3.<\/p>\n\n\n\n<p class=\"wp-block-paragraph\">Las labores incluyeron despeje de los dispositivos, desmalezamiento, higiene urbana, recolecci\u00f3n de ramas, pintura y cordoneo.<\/p>\n","protected":false},"excerpt":{"rendered":"<p>Mariela -frentista-<\/p>\n","protected":false},"author":1,"featured_media":39574,"comment_status":"closed","ping_status":"closed","sticky":false,"template":"","format":"standard","meta":{"footnotes":""},"categories":[3],"tags":[30],"class_list":["post-46323","post","type-post","status-publish","format-standard","has-post-thumbnail","hentry","category-regionales","tag-varela"],"_links":{"self":[{"href":"https:\/\/panoramadelsur.com.ar\/index.php?rest_route=\/wp\/v2\/posts\/46323","targetHints":{"allow":["GET"]}}],"collection":[{"href":"https:\/\/panoramadelsur.com.ar\/index.php?rest_route=\/wp\/v2\/posts"}],"about":[{"href":"https:\/\/panoramadelsur.com.ar\/index.php?rest_route=\/wp\/v2\/types\/post"}],"author":[{"embeddable":true,"href":"https:\/\/panoramadelsur.com.ar\/index.php?rest_route=\/wp\/v2\/users\/1"}],"replies":[{"embeddable":true,"href":"https:\/\/panoramadelsur.com.ar\/index.php?rest_route=%2Fwp%2Fv2%2Fcomments&post=46323"}],"version-history":[{"count":1,"href":"https:\/\/panoramadelsur.com.ar\/index.php?rest_route=\/wp\/v2\/posts\/46323\/revisions"}],"predecessor-version":[{"id":46325,"href":"https:\/\/panoramadelsur.com.ar\/index.php?rest_route=\/wp\/v2\/posts\/46323\/revisions\/46325"}],"wp:featuredmedia":[{"embeddable":true,"href":"https:\/\/panoramadelsur.com.ar\/index.php?rest_route=\/wp\/v2\/media\/39574"}],"wp:attachment":[{"href":"https:\/\/panoramadelsur.com.ar\/index.php?rest_route=%2Fwp%2Fv2%2Fmedia&parent=46323"}],"wp:term":[{"taxonomy":"category","embeddable":true,"href":"https:\/\/panoramadelsur.com.ar\/index.php?rest_route=%2Fwp%2Fv2%2Fcategories&post=46323"},{"taxonomy":"post_tag","embeddable":true,"href":"https:\/\/panoramadelsur.com.ar\/index.php?rest_route=%2Fwp%2Fv2%2Ftags&post=46323"}],"curies":[{"name":"wp","href":"https:\/\/api.w.org\/{rel}","templated":true}]}}