{"id":46382,"date":"2023-10-18T01:05:00","date_gmt":"2023-10-18T04:05:00","guid":{"rendered":"https:\/\/panoramadelsur.com.ar\/?p=46382"},"modified":"2023-10-17T22:25:25","modified_gmt":"2023-10-18T01:25:25","slug":"presentaron-en-la-legislatura-bonaerense-un-proyecto-de-inclusion-laboral-para-victimas-de-trata","status":"publish","type":"post","link":"https:\/\/panoramadelsur.com.ar\/?p=46382","title":{"rendered":"PRESENTARON EN LA LEGISLATURA BONAERENSE UN PROYECTO DE INCLUSI\u00d3N LABORAL PARA V\u00cdCTIMAS DE TRATA"},"content":{"rendered":"\n<p class=\"wp-block-paragraph\">La diputada explic\u00f3 que \u201cdentro de sus puntos importantes, crea el Programa de Inclusi\u00f3n Laboral de las Personas V\u00edctimas de Delitos de Trata y Explotaci\u00f3n de Personas en todas sus formas y estar\u00e1 destinado a todas las personas que residen en forma permanente en el territorio de la provincia de Buenos Aires\u201d.<\/p>\n\n\n\n<p class=\"wp-block-paragraph\">Seg\u00fan se indica, en su articulado, el proyecto dispone que \u201ccuando sea el Estado Provincial quien contrate a las personas contempladas en el art\u00edculo 1\u00ba, el organismo provincial que los emplee, contar\u00e1 con un cupo de hasta el uno por ciento (1%) del total del personal, para ser cubierto, en cualquiera de las modalidades que asume la relaci\u00f3n de empleo p\u00fablico\u201d.<\/p>\n\n\n\n<p class=\"wp-block-paragraph\">Se destac\u00f3 que la falta de antecedentes laborales y educativos de las personas beneficiarias \u201cno ser\u00e1 un impedimento para acceder a los derechos que reconoce la presente Ley\u201d, ya que el Ejecutivo Provincial, por intermedio del organismo de competencia en la materia y sus \u00f3rganos dependientes deber\u00e1n garantizar la capacitaci\u00f3n laboral obligatoria y remunerada de las personas aspirantes a cualquier puesto laboral requerido por los mismos.<\/p>\n\n\n\n<p class=\"wp-block-paragraph\">Adem\u00e1s, se deber\u00e1 garantizar campa\u00f1as de difusi\u00f3n masivas del plan de inserci\u00f3n laboral, tanto en medios radiales, televisivos, y redes sociales, como en la v\u00eda p\u00fablica, \u201cconvocando para las mismas a las organizaciones que luchan por este derecho y a la comunidad educativa\u201d.<\/p>\n\n\n\n<p class=\"wp-block-paragraph\">Se plantea adem\u00e1s la creaci\u00f3n de un registro de trabajo disponible, tanto en el \u00e1mbito p\u00fablico como privado, el resguardo de la intimidad y confidencialidad de la informaci\u00f3n.<\/p>\n\n\n\n<p class=\"wp-block-paragraph\">Adem\u00e1s de Buenos Aires, las provincias de Jujuy, Santa Cruz, R\u00edo Negro, Neuqu\u00e9n y Tucum\u00e1n presentaron iniciativas similares, como parte de una pol\u00edtica p\u00fablica de restituci\u00f3n de derechos impulsada por el Comit\u00e9 Ejecutivo de Lucha contra la Trata en todo el pa\u00eds; distritos que, de avanzar con esta legislaci\u00f3n, se sumar\u00edan a Catamarca, Chaco y Salta que promulgaron leyes similares.<\/p>\n\n\n\n<p class=\"wp-block-paragraph\">De la jornada tambi\u00e9n participaron representantes del Ministerio de Trabajo de la provincia, de la cartera de las Mujeres, Pol\u00edticas de G\u00e9nero y Diversidad Sexual de la provincia, concejales del interior bonaerense y representantes de sindicales, entre otros. <\/p>\n","protected":false},"excerpt":{"rendered":"<p>La diputada<\/p>\n","protected":false},"author":1,"featured_media":39574,"comment_status":"closed","ping_status":"closed","sticky":false,"template":"","format":"standard","meta":{"footnotes":""},"categories":[5],"tags":[28,27],"class_list":["post-46382","post","type-post","status-publish","format-standard","has-post-thumbnail","hentry","category-provincia","tag-gba","tag-provincia"],"_links":{"self":[{"href":"https:\/\/panoramadelsur.com.ar\/index.php?rest_route=\/wp\/v2\/posts\/46382","targetHints":{"allow":["GET"]}}],"collection":[{"href":"https:\/\/panoramadelsur.com.ar\/index.php?rest_route=\/wp\/v2\/posts"}],"about":[{"href":"https:\/\/panoramadelsur.com.ar\/index.php?rest_route=\/wp\/v2\/types\/post"}],"author":[{"embeddable":true,"href":"https:\/\/panoramadelsur.com.ar\/index.php?rest_route=\/wp\/v2\/users\/1"}],"replies":[{"embeddable":true,"href":"https:\/\/panoramadelsur.com.ar\/index.php?rest_route=%2Fwp%2Fv2%2Fcomments&post=46382"}],"version-history":[{"count":1,"href":"https:\/\/panoramadelsur.com.ar\/index.php?rest_route=\/wp\/v2\/posts\/46382\/revisions"}],"predecessor-version":[{"id":46384,"href":"https:\/\/panoramadelsur.com.ar\/index.php?rest_route=\/wp\/v2\/posts\/46382\/revisions\/46384"}],"wp:featuredmedia":[{"embeddable":true,"href":"https:\/\/panoramadelsur.com.ar\/index.php?rest_route=\/wp\/v2\/media\/39574"}],"wp:attachment":[{"href":"https:\/\/panoramadelsur.com.ar\/index.php?rest_route=%2Fwp%2Fv2%2Fmedia&parent=46382"}],"wp:term":[{"taxonomy":"category","embeddable":true,"href":"https:\/\/panoramadelsur.com.ar\/index.php?rest_route=%2Fwp%2Fv2%2Fcategories&post=46382"},{"taxonomy":"post_tag","embeddable":true,"href":"https:\/\/panoramadelsur.com.ar\/index.php?rest_route=%2Fwp%2Fv2%2Ftags&post=46382"}],"curies":[{"name":"wp","href":"https:\/\/api.w.org\/{rel}","templated":true}]}}